{"id":181,"date":"2025-06-11T09:59:17","date_gmt":"2025-06-11T07:59:17","guid":{"rendered":"https:\/\/adjo.pl\/blog\/?p=181"},"modified":"2025-06-11T10:03:23","modified_gmt":"2025-06-11T08:03:23","slug":"boze-cialo-w-niemczech-fronleichnam-tradycje-i-obchody","status":"publish","type":"post","link":"https:\/\/adjo.pl\/blog\/boze-cialo-w-niemczech-fronleichnam-tradycje-i-obchody\/","title":{"rendered":"Bo\u017ce Cia\u0142o w Niemczech (Fronleichnam) \u2013 tradycje i obchody"},"content":{"rendered":"\n<p>Bo\u017ce Cia\u0142o, czyli <strong>Fronleichnam<\/strong>, to wa\u017cne \u015bwi\u0119to katolickie obchodzone w wielu niemieckich landach. Cho\u0107 nie jest \u015bwi\u0119tem og\u00f3lnokrajowym, w regionach katolickich dzie\u0144 ten ma wyj\u0105tkowe znaczenie religijne i spo\u0142eczne.<\/p>\n\n\n\n<h2 class=\"wp-block-heading\">\ud83d\uddd3 Kiedy obchodzone jest Bo\u017ce Cia\u0142o w Niemczech?<\/h2>\n\n\n\n<p>\u015awi\u0119to przypada <strong>w drugi czwartek po Zielonych \u015awi\u0105tkach<\/strong>, co oznacza, \u017ce jego data zmienia si\u0119 ka\u017cdego roku. W takich landach jak Bawaria, Hesja, Nadrenia P\u00f3\u0142nocna-Westfalia czy Badenia-Wirtembergia dzie\u0144 ten jest wolny od pracy.<\/p>\n\n\n\n<h2 class=\"wp-block-heading\">\ud83d\udc63 Procesje Fronleichnam \u2013 jak wygl\u0105daj\u0105?<\/h2>\n\n\n\n<p>W wielu miejscowo\u015bciach organizowane s\u0105 uroczyste procesje. Wierni przechodz\u0105 ulicami miast, modl\u0105c si\u0119 przy specjalnie przygotowanych o\u0142tarzach. W niekt\u00f3rych regionach mieszka\u0144cy ubieraj\u0105 tradycyjne stroje ludowe.<\/p>\n\n\n\n<p>Szczeg\u00f3ln\u0105 uwag\u0119 zwracaj\u0105 <strong>dywany kwiatowe<\/strong> (<em>Blumenteppiche<\/em>), czyli dekoracyjne wzory z p\u0142atk\u00f3w kwiat\u00f3w, uk\u0142adane na trasie procesji. Ich tworzenie wymaga wielu godzin pracy i zaanga\u017cowania ca\u0142ych spo\u0142eczno\u015bci.<\/p>\n\n\n\n<h2 class=\"wp-block-heading\">\ud83d\udea4 Procesje na wodzie \u2013 niemiecka ciekawostka<\/h2>\n\n\n\n<p>Wzd\u0142u\u017c Renu oraz na po\u0142udniu Niemiec odbywaj\u0105 si\u0119 tak\u017ce procesje wodne. \u0141odzie p\u0142yn\u0105 z kap\u0142anem i Naj\u015bwi\u0119tszym Sakramentem na pok\u0142adzie. To wyj\u0105tkowe wydarzenie \u0142\u0105czy tradycj\u0119 religijn\u0105 z widowiskowym charakterem.<\/p>\n\n\n\n<h2 class=\"wp-block-heading\">\ud83c\udf3c Blumenteppiche \u2013 kwiatowe arcydzie\u0142a<\/h2>\n\n\n\n<p>Dywany kwiatowe tworzy si\u0119 z ogromn\u0105 precyzj\u0105. W niekt\u00f3rych miejscowo\u015bciach, jak H\u00fcfingen, M\u00fchlenbach czy Hirrlingen, maj\u0105 nawet ponad 100 metr\u00f3w d\u0142ugo\u015bci. W ich tworzenie zaanga\u017cowani s\u0105 parafianie, ksi\u0119\u017ca i wolontariusze. Prace trwaj\u0105 nawet kilka dni przed uroczysto\u015bci\u0105.<\/p>\n\n\n\n<h2 class=\"wp-block-heading\">\ud83c\udf1f Dlaczego warto uczestniczy\u0107 w Fronleichnam?<\/h2>\n\n\n\n<ul class=\"wp-block-list\">\n<li>To wyj\u0105tkowa okazja, by pozna\u0107 lokalne tradycje i duchowo\u015b\u0107.<\/li>\n\n\n\n<li>Mo\u017cna zobaczy\u0107 pi\u0119kne dekoracje i wzi\u0105\u0107 udzia\u0142 w uroczysto\u015bciach wsp\u00f3lnotowych.<\/li>\n\n\n\n<li>Dla os\u00f3b mieszkaj\u0105cych i pracuj\u0105cych w Niemczech to szansa, by lepiej zrozumie\u0107 kultur\u0119 regionu.<\/li>\n<\/ul>\n\n\n\n<hr class=\"wp-block-separator has-alpha-channel-opacity\"\/>\n\n\n\n<h2 class=\"wp-block-heading\">Podsumowanie<\/h2>\n\n\n\n<p>Fronleichnam to nie tylko dzie\u0144 wolny od pracy. To \u015bwi\u0119to, kt\u00f3re \u0142\u0105czy religi\u0119, sztuk\u0119 i lokaln\u0105 wsp\u00f3lnot\u0119. Je\u015bli jeste\u015b w Niemczech w tym czasie \u2013 wybierz si\u0119 na procesj\u0119. Sprawd\u017a w swojej parafii szczeg\u00f3\u0142y dotycz\u0105ce uroczysto\u015bci i przekonaj si\u0119, jak wygl\u0105daj\u0105 tradycje katolickie u naszych zachodnich s\u0105siad\u00f3w.<\/p>\n","protected":false},"excerpt":{"rendered":"<p>Bo\u017ce Cia\u0142o, czyli Fronleichnam, to wa\u017cne \u015bwi\u0119to katolickie obchodzone w wielu niemieckich landach. Cho\u0107 nie jest \u015bwi\u0119tem og\u00f3lnokrajowym, w regionach katolickich dzie\u0144 ten ma wyj\u0105tkowe znaczenie religijne i spo\u0142eczne. \ud83d\uddd3 Kiedy obchodzone jest Bo\u017ce Cia\u0142o w Niemczech? \u015awi\u0119to przypada w drugi czwartek po Zielonych \u015awi\u0105tkach, co oznacza, \u017ce jego data zmienia si\u0119 ka\u017cdego roku. W [&hellip;]<\/p>\n","protected":false},"author":1,"featured_media":0,"comment_status":"open","ping_status":"open","sticky":false,"template":"","format":"standard","meta":{"footnotes":""},"categories":[1],"tags":[],"class_list":["post-181","post","type-post","status-publish","format-standard","hentry","category-bez-kategorii"],"yoast_head":"<!-- This site is optimized with the Yoast SEO plugin v26.6 - https:\/\/yoast.com\/wordpress\/plugins\/seo\/ -->\n<title>Bo\u017ce Cia\u0142o w Niemczech (Fronleichnam) \u2013 tradycje i obchody - Profesjonalna firma rekrutacyjna w opiece nad seniorami w Niemczech<\/title>\n<meta name=\"description\" content=\"Sprawd\u017a, jak obchodzone jest Bo\u017ce Cia\u0142o (Fronleichnam) w Niemczech. Procesje, dywany kwiatowe i tradycje katolickie \u2013 poznaj niemieckie zwyczaje.\" \/>\n<meta name=\"robots\" content=\"index, follow, max-snippet:-1, max-image-preview:large, max-video-preview:-1\" \/>\n<link rel=\"canonical\" href=\"https:\/\/adjo.pl\/blog\/boze-cialo-w-niemczech-fronleichnam-tradycje-i-obchody\/\" \/>\n<meta property=\"og:locale\" content=\"pl_PL\" \/>\n<meta property=\"og:type\" content=\"article\" \/>\n<meta property=\"og:title\" content=\"Bo\u017ce Cia\u0142o w Niemczech (Fronleichnam) \u2013 tradycje i obchody - Profesjonalna firma rekrutacyjna w opiece nad seniorami w Niemczech\" \/>\n<meta property=\"og:description\" content=\"Sprawd\u017a, jak obchodzone jest Bo\u017ce Cia\u0142o (Fronleichnam) w Niemczech. Procesje, dywany kwiatowe i tradycje katolickie \u2013 poznaj niemieckie zwyczaje.\" \/>\n<meta property=\"og:url\" content=\"https:\/\/adjo.pl\/blog\/boze-cialo-w-niemczech-fronleichnam-tradycje-i-obchody\/\" \/>\n<meta property=\"og:site_name\" content=\"Profesjonalna firma rekrutacyjna w opiece nad seniorami w Niemczech\" \/>\n<meta property=\"article:publisher\" content=\"https:\/\/www.facebook.com\/adjo.opieka\" \/>\n<meta property=\"article:published_time\" content=\"2025-06-11T07:59:17+00:00\" \/>\n<meta property=\"article:modified_time\" content=\"2025-06-11T08:03:23+00:00\" \/>\n<meta name=\"author\" content=\"admin\" \/>\n<meta name=\"twitter:card\" content=\"summary_large_image\" \/>\n<meta name=\"twitter:label1\" content=\"Napisane przez\" \/>\n\t<meta name=\"twitter:data1\" content=\"admin\" \/>\n\t<meta name=\"twitter:label2\" content=\"Szacowany czas czytania\" \/>\n\t<meta name=\"twitter:data2\" content=\"2 minuty\" \/>\n<script type=\"application\/ld+json\" class=\"yoast-schema-graph\">{\"@context\":\"https:\/\/schema.org\",\"@graph\":[{\"@type\":\"Article\",\"@id\":\"https:\/\/adjo.pl\/blog\/boze-cialo-w-niemczech-fronleichnam-tradycje-i-obchody\/#article\",\"isPartOf\":{\"@id\":\"https:\/\/adjo.pl\/blog\/boze-cialo-w-niemczech-fronleichnam-tradycje-i-obchody\/\"},\"author\":{\"name\":\"admin\",\"@id\":\"https:\/\/adjo.pl\/blog\/#\/schema\/person\/589748a8343045d378ace98bbecb1855\"},\"headline\":\"Bo\u017ce Cia\u0142o w Niemczech (Fronleichnam) \u2013 tradycje i obchody\",\"datePublished\":\"2025-06-11T07:59:17+00:00\",\"dateModified\":\"2025-06-11T08:03:23+00:00\",\"mainEntityOfPage\":{\"@id\":\"https:\/\/adjo.pl\/blog\/boze-cialo-w-niemczech-fronleichnam-tradycje-i-obchody\/\"},\"wordCount\":359,\"commentCount\":0,\"publisher\":{\"@id\":\"https:\/\/adjo.pl\/blog\/#organization\"},\"inLanguage\":\"pl-PL\",\"potentialAction\":[{\"@type\":\"CommentAction\",\"name\":\"Comment\",\"target\":[\"https:\/\/adjo.pl\/blog\/boze-cialo-w-niemczech-fronleichnam-tradycje-i-obchody\/#respond\"]}]},{\"@type\":\"WebPage\",\"@id\":\"https:\/\/adjo.pl\/blog\/boze-cialo-w-niemczech-fronleichnam-tradycje-i-obchody\/\",\"url\":\"https:\/\/adjo.pl\/blog\/boze-cialo-w-niemczech-fronleichnam-tradycje-i-obchody\/\",\"name\":\"Bo\u017ce Cia\u0142o w Niemczech (Fronleichnam) \u2013 tradycje i obchody - Profesjonalna firma rekrutacyjna w opiece nad seniorami w Niemczech\",\"isPartOf\":{\"@id\":\"https:\/\/adjo.pl\/blog\/#website\"},\"datePublished\":\"2025-06-11T07:59:17+00:00\",\"dateModified\":\"2025-06-11T08:03:23+00:00\",\"description\":\"Sprawd\u017a, jak obchodzone jest Bo\u017ce Cia\u0142o (Fronleichnam) w Niemczech. Procesje, dywany kwiatowe i tradycje katolickie \u2013 poznaj niemieckie zwyczaje.\",\"breadcrumb\":{\"@id\":\"https:\/\/adjo.pl\/blog\/boze-cialo-w-niemczech-fronleichnam-tradycje-i-obchody\/#breadcrumb\"},\"inLanguage\":\"pl-PL\",\"potentialAction\":[{\"@type\":\"ReadAction\",\"target\":[\"https:\/\/adjo.pl\/blog\/boze-cialo-w-niemczech-fronleichnam-tradycje-i-obchody\/\"]}]},{\"@type\":\"BreadcrumbList\",\"@id\":\"https:\/\/adjo.pl\/blog\/boze-cialo-w-niemczech-fronleichnam-tradycje-i-obchody\/#breadcrumb\",\"itemListElement\":[{\"@type\":\"ListItem\",\"position\":1,\"name\":\"Strona g\u0142\u00f3wna\",\"item\":\"https:\/\/adjo.pl\/blog\/\"},{\"@type\":\"ListItem\",\"position\":2,\"name\":\"Bo\u017ce Cia\u0142o w Niemczech (Fronleichnam) \u2013 tradycje i obchody\"}]},{\"@type\":\"WebSite\",\"@id\":\"https:\/\/adjo.pl\/blog\/#website\",\"url\":\"https:\/\/adjo.pl\/blog\/\",\"name\":\"Agencja pracy dla opiekunek w Niemczech\",\"description\":\"\",\"publisher\":{\"@id\":\"https:\/\/adjo.pl\/blog\/#organization\"},\"potentialAction\":[{\"@type\":\"SearchAction\",\"target\":{\"@type\":\"EntryPoint\",\"urlTemplate\":\"https:\/\/adjo.pl\/blog\/?s={search_term_string}\"},\"query-input\":{\"@type\":\"PropertyValueSpecification\",\"valueRequired\":true,\"valueName\":\"search_term_string\"}}],\"inLanguage\":\"pl-PL\"},{\"@type\":\"Organization\",\"@id\":\"https:\/\/adjo.pl\/blog\/#organization\",\"name\":\"Agencja pracy dla opiekunek w Niemczech\",\"url\":\"https:\/\/adjo.pl\/blog\/\",\"logo\":{\"@type\":\"ImageObject\",\"inLanguage\":\"pl-PL\",\"@id\":\"https:\/\/adjo.pl\/blog\/#\/schema\/logo\/image\/\",\"url\":\"https:\/\/adjo.pl\/blog\/wp-content\/uploads\/2024\/03\/logo-1.png\",\"contentUrl\":\"https:\/\/adjo.pl\/blog\/wp-content\/uploads\/2024\/03\/logo-1.png\",\"width\":148,\"height\":45,\"caption\":\"Agencja pracy dla opiekunek w Niemczech\"},\"image\":{\"@id\":\"https:\/\/adjo.pl\/blog\/#\/schema\/logo\/image\/\"},\"sameAs\":[\"https:\/\/www.facebook.com\/adjo.opieka\"]},{\"@type\":\"Person\",\"@id\":\"https:\/\/adjo.pl\/blog\/#\/schema\/person\/589748a8343045d378ace98bbecb1855\",\"name\":\"admin\",\"image\":{\"@type\":\"ImageObject\",\"inLanguage\":\"pl-PL\",\"@id\":\"https:\/\/adjo.pl\/blog\/#\/schema\/person\/image\/\",\"url\":\"https:\/\/secure.gravatar.com\/avatar\/89b4d1c2f683c2bc7c3063fbb189af202597264b1d128e7152b3f2a8cc07f23f?s=96&d=mm&r=g\",\"contentUrl\":\"https:\/\/secure.gravatar.com\/avatar\/89b4d1c2f683c2bc7c3063fbb189af202597264b1d128e7152b3f2a8cc07f23f?s=96&d=mm&r=g\",\"caption\":\"admin\"},\"sameAs\":[\"https:\/\/adjo.pl\/public\/blog\"],\"url\":\"https:\/\/adjo.pl\/blog\/author\/admin\/\"}]}<\/script>\n<!-- \/ Yoast SEO plugin. -->","yoast_head_json":{"title":"Bo\u017ce Cia\u0142o w Niemczech (Fronleichnam) \u2013 tradycje i obchody - Profesjonalna firma rekrutacyjna w opiece nad seniorami w Niemczech","description":"Sprawd\u017a, jak obchodzone jest Bo\u017ce Cia\u0142o (Fronleichnam) w Niemczech. Procesje, dywany kwiatowe i tradycje katolickie \u2013 poznaj niemieckie zwyczaje.","robots":{"index":"index","follow":"follow","max-snippet":"max-snippet:-1","max-image-preview":"max-image-preview:large","max-video-preview":"max-video-preview:-1"},"canonical":"https:\/\/adjo.pl\/blog\/boze-cialo-w-niemczech-fronleichnam-tradycje-i-obchody\/","og_locale":"pl_PL","og_type":"article","og_title":"Bo\u017ce Cia\u0142o w Niemczech (Fronleichnam) \u2013 tradycje i obchody - Profesjonalna firma rekrutacyjna w opiece nad seniorami w Niemczech","og_description":"Sprawd\u017a, jak obchodzone jest Bo\u017ce Cia\u0142o (Fronleichnam) w Niemczech. Procesje, dywany kwiatowe i tradycje katolickie \u2013 poznaj niemieckie zwyczaje.","og_url":"https:\/\/adjo.pl\/blog\/boze-cialo-w-niemczech-fronleichnam-tradycje-i-obchody\/","og_site_name":"Profesjonalna firma rekrutacyjna w opiece nad seniorami w Niemczech","article_publisher":"https:\/\/www.facebook.com\/adjo.opieka","article_published_time":"2025-06-11T07:59:17+00:00","article_modified_time":"2025-06-11T08:03:23+00:00","author":"admin","twitter_card":"summary_large_image","twitter_misc":{"Napisane przez":"admin","Szacowany czas czytania":"2 minuty"},"schema":{"@context":"https:\/\/schema.org","@graph":[{"@type":"Article","@id":"https:\/\/adjo.pl\/blog\/boze-cialo-w-niemczech-fronleichnam-tradycje-i-obchody\/#article","isPartOf":{"@id":"https:\/\/adjo.pl\/blog\/boze-cialo-w-niemczech-fronleichnam-tradycje-i-obchody\/"},"author":{"name":"admin","@id":"https:\/\/adjo.pl\/blog\/#\/schema\/person\/589748a8343045d378ace98bbecb1855"},"headline":"Bo\u017ce Cia\u0142o w Niemczech (Fronleichnam) \u2013 tradycje i obchody","datePublished":"2025-06-11T07:59:17+00:00","dateModified":"2025-06-11T08:03:23+00:00","mainEntityOfPage":{"@id":"https:\/\/adjo.pl\/blog\/boze-cialo-w-niemczech-fronleichnam-tradycje-i-obchody\/"},"wordCount":359,"commentCount":0,"publisher":{"@id":"https:\/\/adjo.pl\/blog\/#organization"},"inLanguage":"pl-PL","potentialAction":[{"@type":"CommentAction","name":"Comment","target":["https:\/\/adjo.pl\/blog\/boze-cialo-w-niemczech-fronleichnam-tradycje-i-obchody\/#respond"]}]},{"@type":"WebPage","@id":"https:\/\/adjo.pl\/blog\/boze-cialo-w-niemczech-fronleichnam-tradycje-i-obchody\/","url":"https:\/\/adjo.pl\/blog\/boze-cialo-w-niemczech-fronleichnam-tradycje-i-obchody\/","name":"Bo\u017ce Cia\u0142o w Niemczech (Fronleichnam) \u2013 tradycje i obchody - Profesjonalna firma rekrutacyjna w opiece nad seniorami w Niemczech","isPartOf":{"@id":"https:\/\/adjo.pl\/blog\/#website"},"datePublished":"2025-06-11T07:59:17+00:00","dateModified":"2025-06-11T08:03:23+00:00","description":"Sprawd\u017a, jak obchodzone jest Bo\u017ce Cia\u0142o (Fronleichnam) w Niemczech. Procesje, dywany kwiatowe i tradycje katolickie \u2013 poznaj niemieckie zwyczaje.","breadcrumb":{"@id":"https:\/\/adjo.pl\/blog\/boze-cialo-w-niemczech-fronleichnam-tradycje-i-obchody\/#breadcrumb"},"inLanguage":"pl-PL","potentialAction":[{"@type":"ReadAction","target":["https:\/\/adjo.pl\/blog\/boze-cialo-w-niemczech-fronleichnam-tradycje-i-obchody\/"]}]},{"@type":"BreadcrumbList","@id":"https:\/\/adjo.pl\/blog\/boze-cialo-w-niemczech-fronleichnam-tradycje-i-obchody\/#breadcrumb","itemListElement":[{"@type":"ListItem","position":1,"name":"Strona g\u0142\u00f3wna","item":"https:\/\/adjo.pl\/blog\/"},{"@type":"ListItem","position":2,"name":"Bo\u017ce Cia\u0142o w Niemczech (Fronleichnam) \u2013 tradycje i obchody"}]},{"@type":"WebSite","@id":"https:\/\/adjo.pl\/blog\/#website","url":"https:\/\/adjo.pl\/blog\/","name":"Agencja pracy dla opiekunek w Niemczech","description":"","publisher":{"@id":"https:\/\/adjo.pl\/blog\/#organization"},"potentialAction":[{"@type":"SearchAction","target":{"@type":"EntryPoint","urlTemplate":"https:\/\/adjo.pl\/blog\/?s={search_term_string}"},"query-input":{"@type":"PropertyValueSpecification","valueRequired":true,"valueName":"search_term_string"}}],"inLanguage":"pl-PL"},{"@type":"Organization","@id":"https:\/\/adjo.pl\/blog\/#organization","name":"Agencja pracy dla opiekunek w Niemczech","url":"https:\/\/adjo.pl\/blog\/","logo":{"@type":"ImageObject","inLanguage":"pl-PL","@id":"https:\/\/adjo.pl\/blog\/#\/schema\/logo\/image\/","url":"https:\/\/adjo.pl\/blog\/wp-content\/uploads\/2024\/03\/logo-1.png","contentUrl":"https:\/\/adjo.pl\/blog\/wp-content\/uploads\/2024\/03\/logo-1.png","width":148,"height":45,"caption":"Agencja pracy dla opiekunek w Niemczech"},"image":{"@id":"https:\/\/adjo.pl\/blog\/#\/schema\/logo\/image\/"},"sameAs":["https:\/\/www.facebook.com\/adjo.opieka"]},{"@type":"Person","@id":"https:\/\/adjo.pl\/blog\/#\/schema\/person\/589748a8343045d378ace98bbecb1855","name":"admin","image":{"@type":"ImageObject","inLanguage":"pl-PL","@id":"https:\/\/adjo.pl\/blog\/#\/schema\/person\/image\/","url":"https:\/\/secure.gravatar.com\/avatar\/89b4d1c2f683c2bc7c3063fbb189af202597264b1d128e7152b3f2a8cc07f23f?s=96&d=mm&r=g","contentUrl":"https:\/\/secure.gravatar.com\/avatar\/89b4d1c2f683c2bc7c3063fbb189af202597264b1d128e7152b3f2a8cc07f23f?s=96&d=mm&r=g","caption":"admin"},"sameAs":["https:\/\/adjo.pl\/public\/blog"],"url":"https:\/\/adjo.pl\/blog\/author\/admin\/"}]}},"_links":{"self":[{"href":"https:\/\/adjo.pl\/blog\/wp-json\/wp\/v2\/posts\/181","targetHints":{"allow":["GET"]}}],"collection":[{"href":"https:\/\/adjo.pl\/blog\/wp-json\/wp\/v2\/posts"}],"about":[{"href":"https:\/\/adjo.pl\/blog\/wp-json\/wp\/v2\/types\/post"}],"author":[{"embeddable":true,"href":"https:\/\/adjo.pl\/blog\/wp-json\/wp\/v2\/users\/1"}],"replies":[{"embeddable":true,"href":"https:\/\/adjo.pl\/blog\/wp-json\/wp\/v2\/comments?post=181"}],"version-history":[{"count":1,"href":"https:\/\/adjo.pl\/blog\/wp-json\/wp\/v2\/posts\/181\/revisions"}],"predecessor-version":[{"id":182,"href":"https:\/\/adjo.pl\/blog\/wp-json\/wp\/v2\/posts\/181\/revisions\/182"}],"wp:attachment":[{"href":"https:\/\/adjo.pl\/blog\/wp-json\/wp\/v2\/media?parent=181"}],"wp:term":[{"taxonomy":"category","embeddable":true,"href":"https:\/\/adjo.pl\/blog\/wp-json\/wp\/v2\/categories?post=181"},{"taxonomy":"post_tag","embeddable":true,"href":"https:\/\/adjo.pl\/blog\/wp-json\/wp\/v2\/tags?post=181"}],"curies":[{"name":"wp","href":"https:\/\/api.w.org\/{rel}","templated":true}]}}