{"id":205,"date":"2025-08-12T15:53:31","date_gmt":"2025-08-12T13:53:31","guid":{"rendered":"https:\/\/adjo.pl\/blog\/?p=205"},"modified":"2025-09-04T12:29:44","modified_gmt":"2025-09-04T10:29:44","slug":"praca-opiekunka-osob-starszych-w-niemczech","status":"publish","type":"post","link":"https:\/\/adjo.pl\/blog\/praca-opiekunka-osob-starszych-w-niemczech\/","title":{"rendered":"Praca opiekunka os\u00f3b starszych w Niemczech \u2013 aktualne oferty"},"content":{"rendered":"\n<p><strong>Praca w niemczech opieka<\/strong> to jedna z najpewniejszych dr\u00f3g do stabilnych zarobk\u00f3w. <strong>Ponadto<\/strong> z ADJO otrzymujesz legalne zlecenia z ubezpieczeniem i darmowym zakwaterowaniem, a wynagrodzenie si\u0119ga nawet 2500 \u20ac netto. <strong>W rezultacie<\/strong> mo\u017cesz wej\u015b\u0107 w bran\u017c\u0119 bez stresu, <strong>a nast\u0119pnie<\/strong> krok po kroku podnosi\u0107 kwalifikacje i j\u0119zyk. <strong>Co wi\u0119cej<\/strong>, ca\u0142y proces rekrutacji jest przejrzysty i szybki, <strong>dlatego<\/strong> \u0142atwo zaplanowa\u0107 wyjazd z wyprzedzeniem.<\/p>\n\n\n\n<figure class=\"wp-block-image size-full\"><a href=\"https:\/\/adjo.pl\/oferty\"><img loading=\"lazy\" decoding=\"async\" width=\"148\" height=\"45\" src=\"https:\/\/adjo.pl\/blog\/wp-content\/uploads\/2024\/03\/logo-1.png\" alt=\"praca w niemczech opieka \u2013 aktualne oferty ADJO\" class=\"wp-image-30\"\/><\/a><figcaption class=\"wp-element-caption\">Praca w niemczech opieka \u2013 bie\u017c\u0105ce zlecenia i szybka rekrutacja<\/figcaption><\/figure>\n\n\n\n<p><strong>Przede wszystkim<\/strong> dla wielu kandydatek <strong>opieka os\u00f3b starszych w Niemczech<\/strong> \u0142\u0105czy atrakcyjne zarobki z nauk\u0105 j\u0119zyka i poznawaniem kultury. <strong>Co wi\u0119cej<\/strong>, coraz wi\u0119cej ofert jest dostosowanych do pocz\u0105tkuj\u0105cych, <strong>dlatego<\/strong> start bywa naprawd\u0119 szybki. <strong>W zwi\u0105zku z tym<\/strong> warto dzia\u0142a\u0107 od razu, <strong>aby<\/strong> zarezerwowa\u0107 najlepsze terminy i miejsca.<\/p>\n\n\n\n<p>Agencja ADJO specjalizuje si\u0119 w <a href=\"https:\/\/adjo.pl\/page\/show\/9\">rekrutacji opiekunek<\/a> i zapewnia wsparcie na ka\u017cdym etapie. <strong>Dzi\u0119ki temu<\/strong> otrzymujesz dopasowane propozycje i jasne warunki, <strong>a nast\u0119pnie<\/strong> p\u0142ynnie przechodzisz przez formalno\u015bci. <strong>Ostatecznie<\/strong> zyskujesz spok\u00f3j i stabilno\u015b\u0107 finansow\u0105, <strong>co<\/strong> u\u0142atwia dalsze planowanie.<\/p>\n\n\n\n<h2 class=\"wp-block-heading\">Praca w niemczech opieka \u2013 aktualne oferty i zasady wyjazdu<\/h2>\n\n\n\n<p><strong>Na pocz\u0105tek<\/strong> poni\u017cej znajdziesz wybrane <strong>oferty pracy opiekunka Niemcy<\/strong>. <strong>Ka\u017cda z nich<\/strong> jest legalna i wcze\u015bniej potwierdzona, <strong>dlatego<\/strong> wyje\u017cd\u017casz spokojnie i bez zaskocze\u0144. <strong>Nast\u0119pnie<\/strong> koordynator prowadzi Ci\u0119 przez formalno\u015bci i dba o szczeg\u00f3\u0142y.<\/p>\n\n\n\n<h3 class=\"wp-block-heading\">Wybrane oferty pracy (przyk\u0142ady)<\/h3>\n\n\n\n<p><strong>1. Hamburg \u2013 opieka nad 78-letni\u0105 pani\u0105<\/strong><\/p>\n\n\n\n<ul class=\"wp-block-list\">\n<li><strong>Przede wszystkim<\/strong> wynagrodzenie: 2200 \u20ac netto\/miesi\u0105c.<\/li>\n\n\n\n<li><strong>Ponadto<\/strong> j\u0119zyk: podstawowy niemiecki lub angielski.<\/li>\n\n\n\n<li><strong>Nast\u0119pnie<\/strong> start: 15 marca 2025.<\/li>\n\n\n\n<li><strong>Co wi\u0119cej<\/strong> system: 2 miesi\u0105ce pracy \/ 2 tygodnie wolne.<\/li>\n\n\n\n<li><strong>Dlatego<\/strong> warto: <a href=\"https:\/\/adjo.pl\/contact\"><strong>APLIKUJ \u2013 ADJO.PL<\/strong><\/a><\/li>\n<\/ul>\n\n\n\n<p><strong>2. Monachium \u2013 senior z chorob\u0105 Alzheimera<\/strong><\/p>\n\n\n\n<ul class=\"wp-block-list\">\n<li><strong>Po pierwsze<\/strong> wynagrodzenie: 2400 \u20ac netto\/miesi\u0105c.<\/li>\n\n\n\n<li><strong>Po drugie<\/strong> j\u0119zyk: komunikatywny niemiecki.<\/li>\n\n\n\n<li><strong>Nast\u0119pnie<\/strong> start: 1 kwietnia 2025.<\/li>\n\n\n\n<li><strong>R\u00f3wnocze\u015bnie<\/strong> system: 6 tygodni pracy \/ 2 tygodnie wolne.<\/li>\n\n\n\n<li><strong>Na przyk\u0142ad<\/strong> mile widziane do\u015bwiadczenie przy demencji.<\/li>\n\n\n\n<li><a href=\"https:\/\/adjo.pl\/contact\"><strong>APLIKUJ \u2013 ADJO.PL<\/strong><\/a><\/li>\n<\/ul>\n\n\n\n<p><strong>3. Berlin \u2013 para senior\u00f3w (72 i 75 lat)<\/strong><\/p>\n\n\n\n<ul class=\"wp-block-list\">\n<li><strong>Docelowo<\/strong> wynagrodzenie: 2000 \u20ac netto\/miesi\u0105c.<\/li>\n\n\n\n<li><strong>Jednak<\/strong> wystarczy podstawowy niemiecki.<\/li>\n\n\n\n<li><strong>Co wa\u017cne<\/strong> start: elastyczny.<\/li>\n\n\n\n<li><strong>W rezultacie<\/strong> system: 8 tygodni pracy \/ 2 tygodnie wolne.<\/li>\n\n\n\n<li><a href=\"https:\/\/adjo.pl\/contact\"><strong>APLIKUJ \u2013 ADJO.PL<\/strong><\/a><\/li>\n<\/ul>\n\n\n\n<p><strong>4. Kolonia \u2013 opieka bez znajomo\u015bci j\u0119zyka<\/strong><\/p>\n\n\n\n<ul class=\"wp-block-list\">\n<li><strong>Kr\u00f3tko m\u00f3wi\u0105c<\/strong> wynagrodzenie: 1900 \u20ac netto\/miesi\u0105c.<\/li>\n\n\n\n<li><strong>Mimo to<\/strong> komunikacja z rodzin\u0105 po polsku.<\/li>\n\n\n\n<li><strong>Nast\u0119pnie<\/strong> start: 20 marca 2025.<\/li>\n\n\n\n<li><strong>W zwi\u0105zku z tym<\/strong> system: 2 miesi\u0105ce pracy \/ 2 tygodnie wolne.<\/li>\n\n\n\n<li><a href=\"https:\/\/adjo.pl\/contact\"><strong>APLIKUJ \u2013 ADJO.PL<\/strong><\/a><\/li>\n<\/ul>\n\n\n\n<p><strong>5. Karlsruhe \u2013 opieka nad m\u0119\u017cczyzn\u0105 z ALS<\/strong><\/p>\n\n\n\n<ul class=\"wp-block-list\">\n<li><strong>Po trzecie<\/strong> wynagrodzenie: 1600\u20131850 \u20ac netto\/miesi\u0105c + bonus.<\/li>\n\n\n\n<li><strong>Dodatkowo<\/strong> j\u0119zyk: podstawowy\/komunikatywny niemiecki.<\/li>\n\n\n\n<li><strong>Nast\u0119pnie<\/strong> start: 24 sierpnia 2025.<\/li>\n\n\n\n<li><strong>Co wi\u0119cej<\/strong> system: 24.08 \u2013 24.10.2025.<\/li>\n\n\n\n<li><strong>Na koniec<\/strong> prawo jazdy: niewymagane.<\/li>\n\n\n\n<li><a href=\"https:\/\/adjo.pl\/contact\"><strong>APLIKUJ \u2013 ADJO.PL<\/strong><\/a><\/li>\n<\/ul>\n\n\n\n<p><strong><a href=\"https:\/\/adjo.pl\/oferty\">ZOBACZ WSZYSTKIE OFERTY \u2013 ADJO.PL<\/a><\/strong><\/p>\n\n\n\n<h2 class=\"wp-block-heading\">Praca w niemczech opieka \u2013 wynagrodzenie i warunki pracy<\/h2>\n\n\n\n<h3 class=\"wp-block-heading\">Wide\u0142ki p\u0142acowe i co na nie wp\u0142ywa<\/h3>\n\n\n\n<p>Typowe wide\u0142ki to <strong>1800\u20132500 \u20ac netto<\/strong> miesi\u0119cznie. <strong>Co istotne<\/strong>, stawka zale\u017cy od j\u0119zyka, do\u015bwiadczenia i stanu zdrowia podopiecznego, <strong>dlatego<\/strong> ju\u017c podczas pierwszej rozmowy doprecyzujemy Twoje preferencje. <strong>W konsekwencji<\/strong> dobierzemy najlepiej dopasowane zlecenie, <strong>a nast\u0119pnie<\/strong> potwierdzimy warunki na pi\u015bmie.<\/p>\n\n\n\n<ul class=\"wp-block-list\">\n<li><strong>J\u0119zyk<\/strong> \u2013 brak: 1800\u20132000 \u20ac; podstawowy: 2000\u20132200 \u20ac; komunikatywny: 2200\u20132400 \u20ac; bieg\u0142y: 2400\u20132500 \u20ac.<\/li>\n\n\n\n<li><strong>Do\u015bwiadczenie<\/strong> \u2013 1\u20133 lata: +200\u2013300 \u20ac; 3+ lata: +300\u2013500 \u20ac.<\/li>\n\n\n\n<li><strong>Stan podopiecznego<\/strong> \u2013 demencja\/neurologia: +300\u2013400 \u20ac; ci\u0119\u017csza opieka: +400\u2013500 \u20ac.<\/li>\n<\/ul>\n\n\n\n<h3 class=\"wp-block-heading\">Dodatkowe \u015bwiadczenia (co zyskujesz poza pensj\u0105)<\/h3>\n\n\n\n<p><strong>Po pierwsze<\/strong>, opr\u00f3cz pensji otrzymujesz pakiet benefit\u00f3w, <strong>dzi\u0119ki czemu<\/strong> koszty \u017cycia s\u0105 ni\u017csze. <strong>Po drugie<\/strong>, wsparcie koordynatora pomaga w codziennych sprawach. <strong>W rezultacie<\/strong> adaptacja przebiega szybciej i spokojniej.<\/p>\n\n\n\n<ul class=\"wp-block-list\">\n<li>Darmowe zakwaterowanie (osobny pok\u00f3j), cz\u0119sto Wi-Fi i TV.<\/li>\n\n\n\n<li>Wy\u017cywienie lub bud\u017cet na posi\u0142ki.<\/li>\n\n\n\n<li>Pe\u0142ne ubezpieczenie zdrowotne i spo\u0142eczne.<\/li>\n\n\n\n<li>Sk\u0142adki emerytalne op\u0142acane przez pracodawc\u0119.<\/li>\n\n\n\n<li>Zwrot koszt\u00f3w dojazdu (zwykle po 3 miesi\u0105cach).<\/li>\n\n\n\n<li>Wsparcie koordynatora 24\/7.<\/li>\n<\/ul>\n\n\n\n<h2 class=\"wp-block-heading\">Praca w niemczech opieka \u2013 wymagania i kwalifikacje<\/h2>\n\n\n\n<p>Rekrutujemy zar\u00f3wno osoby pocz\u0105tkuj\u0105ce, jak i do\u015bwiadczone. <strong>Jednocze\u015bnie<\/strong> je\u015bli spe\u0142niasz podstawowe kryteria, proces przebiega sprawnie. <strong>W efekcie<\/strong> mo\u017cesz wyjecha\u0107 nawet w ci\u0105gu kilku tygodni, <strong>a nast\u0119pnie<\/strong> kontynuowa\u0107 wsp\u00f3\u0142prac\u0119 w systemie rotacyjnym.<\/p>\n\n\n\n<h3 class=\"wp-block-heading\">Wymagania obligatoryjne<\/h3>\n\n\n\n<ul class=\"wp-block-list\">\n<li>Wiek 21+ (w praktyce preferowane 25+).<\/li>\n\n\n\n<li>Obywatelstwo UE lub prawo do pracy.<\/li>\n\n\n\n<li>Niekaralno\u015b\u0107 i podstawowa sprawno\u015b\u0107 fizyczna.<\/li>\n\n\n\n<li>Ch\u0119\u0107 nauki i otwarto\u015b\u0107 na wsp\u00f3\u0142prac\u0119.<\/li>\n<\/ul>\n\n\n\n<h3 class=\"wp-block-heading\">Wymagania preferowane<\/h3>\n\n\n\n<ul class=\"wp-block-list\">\n<li>Do\u015bwiadczenie lub referencje.<\/li>\n\n\n\n<li>Kurs pierwszej pomocy \/ podstaw opieki.<\/li>\n\n\n\n<li>Prawo jazdy kat. B.<\/li>\n\n\n\n<li>Podstawy niemieckiego lub angielskiego.<\/li>\n<\/ul>\n\n\n\n<h2 class=\"wp-block-heading\">Praca w niemczech opieka bez znajomo\u015bci j\u0119zyka \u2013 czy to mo\u017cliwe?<\/h2>\n\n\n\n<p>Tak, <strong>jednak<\/strong> wyb\u00f3r ofert jest mniejszy. <strong>Dlatego<\/strong> warto r\u00f3wnolegle zacz\u0105\u0107 nauk\u0119 podstaw, <strong>aby<\/strong> w kr\u00f3tkim czasie zwi\u0119kszy\u0107 liczb\u0119 propozycji oraz stawki. <strong>Co wi\u0119cej<\/strong>, nawet elementarna komunikacja bardzo u\u0142atwia codzienno\u015b\u0107 i poprawia komfort pracy.<\/p>\n\n\n\n<h3 class=\"wp-block-heading\">Gdzie naj\u0142atwiej zacz\u0105\u0107?<\/h3>\n\n\n\n<ul class=\"wp-block-list\">\n<li>Rodziny polskiego pochodzenia.<\/li>\n\n\n\n<li>Seniorzy m\u00f3wi\u0105cy po polsku lub angielsku.<\/li>\n\n\n\n<li>Oferty z koordynatorem m\u00f3wi\u0105cym po polsku.<\/li>\n<\/ul>\n\n\n\n<h3 class=\"wp-block-heading\">Wsparcie j\u0119zykowe i wyzwania<\/h3>\n\n\n\n<ul class=\"wp-block-list\">\n<li>Aplikacje t\u0142umacz\u0105ce i listy podstawowych zwrot\u00f3w.<\/li>\n\n\n\n<li>Kontakt z polsk\u0105 spo\u0142eczno\u015bci\u0105 na miejscu.<\/li>\n\n\n\n<li>Na start zarobki bywaj\u0105 ni\u017csze (\u2013200\u2013400 \u20ac), <strong>jednak<\/strong> szybko rosn\u0105 wraz z nauk\u0105.<\/li>\n<\/ul>\n\n\n\n<h3 class=\"wp-block-heading\">Jak uczy\u0107 si\u0119 w praktyce?<\/h3>\n\n\n\n<ul class=\"wp-block-list\">\n<li>Kr\u00f3tkie kursy online i aplikacje (Duolingo, Babbel, Busuu).<\/li>\n\n\n\n<li>Proste rozmowy z podopiecznym i rodzin\u0105.<\/li>\n\n\n\n<li>Lokalne kursy weekendowe.<\/li>\n<\/ul>\n\n\n\n<h2 class=\"wp-block-heading\">Praca w niemczech opieka \u2013 obowi\u0105zki i przyk\u0142adowy dzie\u0144<\/h2>\n\n\n\n<h3 class=\"wp-block-heading\">Zakres obowi\u0105zk\u00f3w (w skr\u00f3cie)<\/h3>\n\n\n\n<p>Zakres zada\u0144 opisujemy przed wyjazdem i potwierdzamy w umowie. <strong>Dzi\u0119ki temu<\/strong> unikniesz niedom\u00f3wie\u0144, <strong>a tym samym<\/strong> wsp\u00f3\u0142praca przebiegnie przewidywalnie. <strong>Na przyk\u0142ad<\/strong>, z g\u00f3ry omawiamy diet\u0119, leki i wizyty, <strong>a nast\u0119pnie<\/strong> spisujemy je w planie dnia.<\/p>\n\n\n\n<h4 class=\"wp-block-heading\">Opieka osobista<\/h4>\n\n\n\n<ul class=\"wp-block-list\">\n<li>Higiena, ubieranie, wsparcie przy poruszaniu.<\/li>\n\n\n\n<li>Monitorowanie lek\u00f3w i podstawowych parametr\u00f3w.<\/li>\n\n\n\n<li>Towarzyszenie na wizytach lekarskich.<\/li>\n<\/ul>\n\n\n\n<h4 class=\"wp-block-heading\">Gospodarstwo domowe<\/h4>\n\n\n\n<ul class=\"wp-block-list\">\n<li>Przygotowywanie posi\u0142k\u00f3w zgodnie z diet\u0105.<\/li>\n\n\n\n<li>Utrzymanie porz\u0105dku, pranie, zakupy.<\/li>\n\n\n\n<li>Organizacja dnia, aktywizacja, spacery.<\/li>\n<\/ul>\n\n\n\n<h3 class=\"wp-block-heading\">Przyk\u0142adowy dzie\u0144 pracy<\/h3>\n\n\n\n<ul class=\"wp-block-list\">\n<li><strong>Rano (7:00\u201310:00)<\/strong> \u2013 higiena, \u015bniadanie, leki, kr\u00f3tki spacer.<\/li>\n\n\n\n<li><strong>Przedpo\u0142udnie (10:00\u201313:00)<\/strong> \u2013 zakupy\/obiad, porz\u0105dki, wizyty.<\/li>\n\n\n\n<li><strong>Popo\u0142udnie (13:00\u201318:00)<\/strong> \u2013 obiad, czas wolny opiekunki, prace domowe.<\/li>\n\n\n\n<li><strong>Wiecz\u00f3r (18:00\u201321:00)<\/strong> \u2013 kolacja, leki, higiena, przygotowanie do snu.<\/li>\n<\/ul>\n\n\n\n<h2 class=\"wp-block-heading\">Praca w niemczech opieka \u2013 legalno\u015b\u0107 i formalno\u015bci<\/h2>\n\n\n\n<p>Jako obywatelka UE mo\u017cesz podj\u0105\u0107 legaln\u0105 prac\u0119 bez wiz. <strong>Mimo to<\/strong> cz\u0119\u015b\u0107 formalno\u015bci warto przygotowa\u0107 wcze\u015bniej, <strong>aby<\/strong> przyspieszy\u0107 start. <strong>W zwi\u0105zku z tym<\/strong> polecamy sprawdzone \u017ar\u00f3d\u0142a i oficjalne portale.<\/p>\n\n\n\n<p>Przydatne linki zewn\u0119trzne: <a href=\"https:\/\/eures.praca.gov.pl\" target=\"_blank\" rel=\"noopener\">EURES \u2013 portal mobilno\u015bci UE<\/a>, <a href=\"https:\/\/www.make-it-in-germany.com\" target=\"_blank\" rel=\"noopener\">Make it in Germany<\/a>, <a href=\"https:\/\/www.nfz.gov.pl\" target=\"_blank\" rel=\"noopener\">NFZ \u2013 karta EKUZ<\/a>. <strong>Dzi\u0119ki nim<\/strong> \u0142atwiej przygotujesz dokumenty i unikniesz b\u0142\u0119d\u00f3w, <strong>a nast\u0119pnie<\/strong> sprawniej zameldujesz si\u0119 na miejscu.<\/p>\n\n\n\n<h3 class=\"wp-block-heading\">Niezb\u0119dne dokumenty<\/h3>\n\n\n\n<ul class=\"wp-block-list\">\n<li>Dow\u00f3d osobisty\/paszport.<\/li>\n\n\n\n<li>Formularz A1 (przy delegowaniu przez polsk\u0105 agencj\u0119).<\/li>\n\n\n\n<li>Po przyje\u017adzie: meldunek (<em>Anmeldung<\/em>), numer podatkowy, karta ubezpieczenia.<\/li>\n<\/ul>\n\n\n\n<h3 class=\"wp-block-heading\">Rodzaje um\u00f3w<\/h3>\n\n\n\n<ul class=\"wp-block-list\">\n<li><strong>Umowa o prac\u0119<\/strong> \u2013 pe\u0142ne prawa pracownicze.<\/li>\n\n\n\n<li><strong>Delegowanie<\/strong> \u2013 zatrudnienie przez polsk\u0105 agencj\u0119 (A1).<\/li>\n\n\n\n<li><strong>Minijob<\/strong> \u2013 do 520 \u20ac miesi\u0119cznie.<\/li>\n\n\n\n<li><strong>Dzia\u0142alno\u015b\u0107<\/strong> \u2013 praca na w\u0142asny rachunek.<\/li>\n<\/ul>\n\n\n\n<h2 class=\"wp-block-heading\">Praca w niemczech opieka \u2013 rozw\u00f3j kariery i szkolenia<\/h2>\n\n\n\n<p>W praktyce wiele kurs\u00f3w finansuj\u0105 pracodawcy lub dofinansowuj\u0105 instytucje niemieckie. <strong>Dzi\u0119ki temu<\/strong> podnoszenie kwalifikacji jest mo\u017cliwe ju\u017c w pierwszych miesi\u0105cach. <strong>Na koniec<\/strong> przek\u0142ada si\u0119 to na wy\u017csze stawki i wi\u0119ksz\u0105 liczb\u0119 ofert.<\/p>\n\n\n\n<ul class=\"wp-block-list\">\n<li>Erste Hilfe (pierwsza pomoc), Pflegekurs (podstawy opieki).<\/li>\n\n\n\n<li>Demenz-Betreuung (opieka przy demencji).<\/li>\n\n\n\n<li>Deutsch f\u00fcr Pflegekr\u00e4fte (niemiecki dla opiekunek).<\/li>\n\n\n\n<li>Palliativpflege (opieka paliatywna).<\/li>\n<\/ul>\n\n\n\n<h2 class=\"wp-block-heading\">Praca w niemczech opieka \u2013 FAQ<\/h2>\n\n\n\n<h3 class=\"wp-block-heading\">Czy potrzebne jest do\u015bwiadczenie?<\/h3>\n\n\n\n<p>Niekoniecznie, <strong>jednak<\/strong> do\u015bwiadczenie i referencje przyspieszaj\u0105 wyb\u00f3r zlecenia i zwykle podnosz\u0105 stawk\u0119. <strong>Co wi\u0119cej<\/strong>, ADJO pomaga pocz\u0105tkuj\u0105cym \u2013 od dopasowania oferty po wdro\u017cenie, <strong>a nast\u0119pnie<\/strong> w planowaniu kolejnych rotacji.<\/p>\n\n\n\n<h3 class=\"wp-block-heading\">Jak d\u0142ugo trwaj\u0105 wyjazdy?<\/h3>\n\n\n\n<ul class=\"wp-block-list\">\n<li>2 miesi\u0105ce pracy + 2 tygodnie wolne (najpopularniejszy system).<\/li>\n\n\n\n<li>6\u20138 tygodni + 2 tygodnie wolne (dla bardziej do\u015bwiadczonych).<\/li>\n\n\n\n<li>3 miesi\u0105ce + 1 miesi\u0105c wolny (rzadziej).<\/li>\n<\/ul>\n\n\n\n<h3 class=\"wp-block-heading\">Czy musz\u0119 mie\u0107 prawo jazdy?<\/h3>\n\n\n\n<p>Nie, <strong>ale<\/strong> to du\u017cy atut. <strong>W praktyce<\/strong> zwi\u0119ksza pul\u0119 ofert i \u2013 co za tym idzie \u2013 mo\u017ce doda\u0107 200\u2013300 \u20ac do miesi\u0119cznej stawki. <strong>W rezultacie<\/strong> stajesz si\u0119 bardziej elastyczna dla rodzin.<\/p>\n\n\n\n<h3 class=\"wp-block-heading\">Jak wygl\u0105da ubezpieczenie?<\/h3>\n\n\n\n<p>Zapewniane przez pracodawc\u0119 lub agencj\u0119: zdrowotne, spo\u0142eczne i wypadkowe. <strong>W konsekwencji<\/strong> sk\u0142adki s\u0105 op\u0142acane automatycznie, <strong>a zatem<\/strong> nie martwisz si\u0119 formalno\u015bciami i masz ci\u0105g\u0142o\u015b\u0107 \u015bwiadcze\u0144.<\/p>\n\n\n\n<h3 class=\"wp-block-heading\">Jakie s\u0105 perspektywy zarobkowe?<\/h3>\n\n\n\n<ul class=\"wp-block-list\">\n<li>Pocz\u0105tkuj\u0105ce bez j\u0119zyka: 1800\u20132000 \u20ac netto.<\/li>\n\n\n\n<li>Podstawowy niemiecki: 2000\u20132200 \u20ac netto.<\/li>\n\n\n\n<li>Do\u015bwiadczenie + komunikatywny j\u0119zyk: 2200\u20132400 \u20ac netto.<\/li>\n\n\n\n<li>Specjalizacje (demencja, opieka ci\u0119\u017csza): 2400\u20132500 \u20ac netto.<\/li>\n<\/ul>\n\n\n\n<hr class=\"wp-block-separator has-alpha-channel-opacity\"\/>\n\n\n\n<p><strong>Podsumowuj\u0105c<\/strong>: najlepsze oferty znikaj\u0105 szybko. <strong>Dlatego<\/strong> dzia\u0142aj od razu \u2013 <strong>praca w niemczech opieka<\/strong> z ADJO to prosty proces, sta\u0142e wsparcie i jasne warunki. <strong>W rezultacie<\/strong> szybciej osi\u0105gniesz finansowy spok\u00f3j i stabiln\u0105 rotacj\u0119.<\/p>\n\n\n\n<div class=\"wp-block-buttons is-layout-flex wp-block-buttons-is-layout-flex\"><\/div>\n\n\n\n<p><strong>Adam Sikorski<\/strong> \u2013 W\u0142a\u015bciciel<br>\ud83d\udcde <a href=\"tel:+48602404003\">+48 602 404 003<\/a> \u00b7 \ud83d\udce7 <a href=\"mailto:a.sikorski@adjo.pl\">a.sikorski@adjo.pl<\/a><\/p>\n\n\n\n<p><strong>Jolanta Stafi\u0144ska<\/strong> \u2013 Wsp\u00f3\u0142w\u0142a\u015bciciel<br>\ud83d\udcde <a href=\"tel:+48500220219\">+48 500 220 219<\/a> \u00b7 \ud83d\udce7 <a href=\"mailto:j.stafinska@adjo.pl\">j.stafinska@adjo.pl<\/a><\/p>\n\n\n\n<p><strong>Dominika Nowicka<\/strong> \u2013 Rekrutacja (DE)<br>\ud83d\udcde <a href=\"tel:+48519142771\">+48 519 142 771<\/a> \u00b7 \ud83d\udce7 <a href=\"mailto:d.nowicka@adjo.pl\">d.nowicka@adjo.pl<\/a><\/p>\n\n\n\n<p><strong>Agata Smolbik<\/strong> \u2013 Rekrutacja<br>\ud83d\udcde <a href=\"tel:+48519084034\">+48 519 084 034<\/a> \u00b7 \ud83d\udce7 <a href=\"mailto:a.smolbik@adjo.pl\">a.smolbik@adjo.pl<\/a><\/p>\n\n\n\n<p><strong>Ma\u0142gorzata Kister<\/strong> \u2013 Rekrutacja<br>\ud83d\udcde <a href=\"tel:+48798989797\">+48 798 989 797<\/a> \u00b7 \ud83d\udce7 <a href=\"mailto:m.kister@adjo.pl\">m.kister@adjo.pl<\/a><\/p>\n\n\n\n<p><strong>Joanna \u0141oza<\/strong> \u2013 Rekrutacja<br>\ud83d\udcde <a href=\"tel:+48571210480\">+48 571 210 480<\/a> \u00b7 \ud83d\udce7 <a href=\"mailto:j.loza@adjo.pl\">j.loza@adjo.pl<\/a><\/p>\n\n\n\n<p><strong>\ud83d\udd52 Biuro:<\/strong> pn\u2013pt 8:00\u201318:00, sob 9:00\u201314:00 \u00b7 <strong><a href=\"https:\/\/adjo.pl\/contact\">Formularz kontaktowy<\/a><\/strong> \u00b7 Facebook: <a href=\"https:\/\/www.facebook.com\/adjo.opieka\" target=\"_blank\" rel=\"noopener\">facebook.com\/adjo.opieka<\/a><\/p>\n","protected":false},"excerpt":{"rendered":"<p>Praca w niemczech opieka to jedna z najpewniejszych dr\u00f3g do stabilnych zarobk\u00f3w. Ponadto z ADJO otrzymujesz legalne zlecenia z ubezpieczeniem i darmowym zakwaterowaniem, a wynagrodzenie si\u0119ga nawet 2500 \u20ac netto. W rezultacie mo\u017cesz wej\u015b\u0107 w bran\u017c\u0119 bez stresu, a nast\u0119pnie krok po kroku podnosi\u0107 kwalifikacje i j\u0119zyk. Co wi\u0119cej, ca\u0142y proces rekrutacji jest przejrzysty i [&hellip;]<\/p>\n","protected":false},"author":1,"featured_media":0,"comment_status":"open","ping_status":"open","sticky":false,"template":"","format":"standard","meta":{"footnotes":""},"categories":[1],"tags":[],"class_list":["post-205","post","type-post","status-publish","format-standard","hentry","category-bez-kategorii"],"yoast_head":"<!-- This site is optimized with the Yoast SEO plugin v26.6 - https:\/\/yoast.com\/wordpress\/plugins\/seo\/ -->\n<title>Praca opiekunka os\u00f3b starszych w Niemczech \u2013 aktualne oferty - Profesjonalna firma rekrutacyjna w opiece nad seniorami w Niemczech<\/title>\n<meta name=\"description\" content=\"Oferty pracy opiekunka Niemcy 2025 \u2b50 Do 2500\u20ac netto \u2b50 Praca bez j\u0119zyka \u2b50 Darmowe zakwaterowanie \u2b50 Agencja ADJO \u2b50 Aplikuj online!\" \/>\n<meta name=\"robots\" content=\"index, follow, max-snippet:-1, max-image-preview:large, max-video-preview:-1\" \/>\n<link rel=\"canonical\" href=\"https:\/\/adjo.pl\/blog\/praca-opiekunka-osob-starszych-w-niemczech\/\" \/>\n<meta property=\"og:locale\" content=\"pl_PL\" \/>\n<meta property=\"og:type\" content=\"article\" \/>\n<meta property=\"og:title\" content=\"Praca opiekunka os\u00f3b starszych w Niemczech \u2013 aktualne oferty - Profesjonalna firma rekrutacyjna w opiece nad seniorami w Niemczech\" \/>\n<meta property=\"og:description\" content=\"Oferty pracy opiekunka Niemcy 2025 \u2b50 Do 2500\u20ac netto \u2b50 Praca bez j\u0119zyka \u2b50 Darmowe zakwaterowanie \u2b50 Agencja ADJO \u2b50 Aplikuj online!\" \/>\n<meta property=\"og:url\" content=\"https:\/\/adjo.pl\/blog\/praca-opiekunka-osob-starszych-w-niemczech\/\" \/>\n<meta property=\"og:site_name\" content=\"Profesjonalna firma rekrutacyjna w opiece nad seniorami w Niemczech\" \/>\n<meta property=\"article:publisher\" content=\"https:\/\/www.facebook.com\/adjo.opieka\" \/>\n<meta property=\"article:published_time\" content=\"2025-08-12T13:53:31+00:00\" \/>\n<meta property=\"article:modified_time\" content=\"2025-09-04T10:29:44+00:00\" \/>\n<meta property=\"og:image\" content=\"https:\/\/adjo.pl\/blog\/wp-content\/uploads\/2024\/03\/logo-1.png\" \/>\n\t<meta property=\"og:image:width\" content=\"148\" \/>\n\t<meta property=\"og:image:height\" content=\"45\" \/>\n\t<meta property=\"og:image:type\" content=\"image\/png\" \/>\n<meta name=\"author\" content=\"admin\" \/>\n<meta name=\"twitter:card\" content=\"summary_large_image\" \/>\n<meta name=\"twitter:label1\" content=\"Napisane przez\" \/>\n\t<meta name=\"twitter:data1\" content=\"admin\" \/>\n\t<meta name=\"twitter:label2\" content=\"Szacowany czas czytania\" \/>\n\t<meta name=\"twitter:data2\" content=\"8 minut\" \/>\n<script type=\"application\/ld+json\" class=\"yoast-schema-graph\">{\"@context\":\"https:\/\/schema.org\",\"@graph\":[{\"@type\":\"Article\",\"@id\":\"https:\/\/adjo.pl\/blog\/praca-opiekunka-osob-starszych-w-niemczech\/#article\",\"isPartOf\":{\"@id\":\"https:\/\/adjo.pl\/blog\/praca-opiekunka-osob-starszych-w-niemczech\/\"},\"author\":{\"name\":\"admin\",\"@id\":\"https:\/\/adjo.pl\/blog\/#\/schema\/person\/589748a8343045d378ace98bbecb1855\"},\"headline\":\"Praca opiekunka os\u00f3b starszych w Niemczech \u2013 aktualne oferty\",\"datePublished\":\"2025-08-12T13:53:31+00:00\",\"dateModified\":\"2025-09-04T10:29:44+00:00\",\"mainEntityOfPage\":{\"@id\":\"https:\/\/adjo.pl\/blog\/praca-opiekunka-osob-starszych-w-niemczech\/\"},\"wordCount\":1406,\"commentCount\":0,\"publisher\":{\"@id\":\"https:\/\/adjo.pl\/blog\/#organization\"},\"image\":{\"@id\":\"https:\/\/adjo.pl\/blog\/praca-opiekunka-osob-starszych-w-niemczech\/#primaryimage\"},\"thumbnailUrl\":\"https:\/\/adjo.pl\/blog\/wp-content\/uploads\/2024\/03\/logo-1.png\",\"inLanguage\":\"pl-PL\",\"potentialAction\":[{\"@type\":\"CommentAction\",\"name\":\"Comment\",\"target\":[\"https:\/\/adjo.pl\/blog\/praca-opiekunka-osob-starszych-w-niemczech\/#respond\"]}]},{\"@type\":\"WebPage\",\"@id\":\"https:\/\/adjo.pl\/blog\/praca-opiekunka-osob-starszych-w-niemczech\/\",\"url\":\"https:\/\/adjo.pl\/blog\/praca-opiekunka-osob-starszych-w-niemczech\/\",\"name\":\"Praca opiekunka os\u00f3b starszych w Niemczech \u2013 aktualne oferty - Profesjonalna firma rekrutacyjna w opiece nad seniorami w Niemczech\",\"isPartOf\":{\"@id\":\"https:\/\/adjo.pl\/blog\/#website\"},\"primaryImageOfPage\":{\"@id\":\"https:\/\/adjo.pl\/blog\/praca-opiekunka-osob-starszych-w-niemczech\/#primaryimage\"},\"image\":{\"@id\":\"https:\/\/adjo.pl\/blog\/praca-opiekunka-osob-starszych-w-niemczech\/#primaryimage\"},\"thumbnailUrl\":\"https:\/\/adjo.pl\/blog\/wp-content\/uploads\/2024\/03\/logo-1.png\",\"datePublished\":\"2025-08-12T13:53:31+00:00\",\"dateModified\":\"2025-09-04T10:29:44+00:00\",\"description\":\"Oferty pracy opiekunka Niemcy 2025 \u2b50 Do 2500\u20ac netto \u2b50 Praca bez j\u0119zyka \u2b50 Darmowe zakwaterowanie \u2b50 Agencja ADJO \u2b50 Aplikuj online!\",\"breadcrumb\":{\"@id\":\"https:\/\/adjo.pl\/blog\/praca-opiekunka-osob-starszych-w-niemczech\/#breadcrumb\"},\"inLanguage\":\"pl-PL\",\"potentialAction\":[{\"@type\":\"ReadAction\",\"target\":[\"https:\/\/adjo.pl\/blog\/praca-opiekunka-osob-starszych-w-niemczech\/\"]}]},{\"@type\":\"ImageObject\",\"inLanguage\":\"pl-PL\",\"@id\":\"https:\/\/adjo.pl\/blog\/praca-opiekunka-osob-starszych-w-niemczech\/#primaryimage\",\"url\":\"https:\/\/adjo.pl\/blog\/wp-content\/uploads\/2024\/03\/logo-1.png\",\"contentUrl\":\"https:\/\/adjo.pl\/blog\/wp-content\/uploads\/2024\/03\/logo-1.png\",\"width\":148,\"height\":45,\"caption\":\"praca w niemczech dla opiekunek os\u00f3b starszych\"},{\"@type\":\"BreadcrumbList\",\"@id\":\"https:\/\/adjo.pl\/blog\/praca-opiekunka-osob-starszych-w-niemczech\/#breadcrumb\",\"itemListElement\":[{\"@type\":\"ListItem\",\"position\":1,\"name\":\"Strona g\u0142\u00f3wna\",\"item\":\"https:\/\/adjo.pl\/blog\/\"},{\"@type\":\"ListItem\",\"position\":2,\"name\":\"Praca opiekunka os\u00f3b starszych w Niemczech \u2013 aktualne oferty\"}]},{\"@type\":\"WebSite\",\"@id\":\"https:\/\/adjo.pl\/blog\/#website\",\"url\":\"https:\/\/adjo.pl\/blog\/\",\"name\":\"Agencja pracy dla opiekunek w Niemczech\",\"description\":\"\",\"publisher\":{\"@id\":\"https:\/\/adjo.pl\/blog\/#organization\"},\"potentialAction\":[{\"@type\":\"SearchAction\",\"target\":{\"@type\":\"EntryPoint\",\"urlTemplate\":\"https:\/\/adjo.pl\/blog\/?s={search_term_string}\"},\"query-input\":{\"@type\":\"PropertyValueSpecification\",\"valueRequired\":true,\"valueName\":\"search_term_string\"}}],\"inLanguage\":\"pl-PL\"},{\"@type\":\"Organization\",\"@id\":\"https:\/\/adjo.pl\/blog\/#organization\",\"name\":\"Agencja pracy dla opiekunek w Niemczech\",\"url\":\"https:\/\/adjo.pl\/blog\/\",\"logo\":{\"@type\":\"ImageObject\",\"inLanguage\":\"pl-PL\",\"@id\":\"https:\/\/adjo.pl\/blog\/#\/schema\/logo\/image\/\",\"url\":\"https:\/\/adjo.pl\/blog\/wp-content\/uploads\/2024\/03\/logo-1.png\",\"contentUrl\":\"https:\/\/adjo.pl\/blog\/wp-content\/uploads\/2024\/03\/logo-1.png\",\"width\":148,\"height\":45,\"caption\":\"Agencja pracy dla opiekunek w Niemczech\"},\"image\":{\"@id\":\"https:\/\/adjo.pl\/blog\/#\/schema\/logo\/image\/\"},\"sameAs\":[\"https:\/\/www.facebook.com\/adjo.opieka\"]},{\"@type\":\"Person\",\"@id\":\"https:\/\/adjo.pl\/blog\/#\/schema\/person\/589748a8343045d378ace98bbecb1855\",\"name\":\"admin\",\"image\":{\"@type\":\"ImageObject\",\"inLanguage\":\"pl-PL\",\"@id\":\"https:\/\/adjo.pl\/blog\/#\/schema\/person\/image\/\",\"url\":\"https:\/\/secure.gravatar.com\/avatar\/89b4d1c2f683c2bc7c3063fbb189af202597264b1d128e7152b3f2a8cc07f23f?s=96&d=mm&r=g\",\"contentUrl\":\"https:\/\/secure.gravatar.com\/avatar\/89b4d1c2f683c2bc7c3063fbb189af202597264b1d128e7152b3f2a8cc07f23f?s=96&d=mm&r=g\",\"caption\":\"admin\"},\"sameAs\":[\"https:\/\/adjo.pl\/public\/blog\"],\"url\":\"https:\/\/adjo.pl\/blog\/author\/admin\/\"}]}<\/script>\n<!-- \/ Yoast SEO plugin. -->","yoast_head_json":{"title":"Praca opiekunka os\u00f3b starszych w Niemczech \u2013 aktualne oferty - Profesjonalna firma rekrutacyjna w opiece nad seniorami w Niemczech","description":"Oferty pracy opiekunka Niemcy 2025 \u2b50 Do 2500\u20ac netto \u2b50 Praca bez j\u0119zyka \u2b50 Darmowe zakwaterowanie \u2b50 Agencja ADJO \u2b50 Aplikuj online!","robots":{"index":"index","follow":"follow","max-snippet":"max-snippet:-1","max-image-preview":"max-image-preview:large","max-video-preview":"max-video-preview:-1"},"canonical":"https:\/\/adjo.pl\/blog\/praca-opiekunka-osob-starszych-w-niemczech\/","og_locale":"pl_PL","og_type":"article","og_title":"Praca opiekunka os\u00f3b starszych w Niemczech \u2013 aktualne oferty - Profesjonalna firma rekrutacyjna w opiece nad seniorami w Niemczech","og_description":"Oferty pracy opiekunka Niemcy 2025 \u2b50 Do 2500\u20ac netto \u2b50 Praca bez j\u0119zyka \u2b50 Darmowe zakwaterowanie \u2b50 Agencja ADJO \u2b50 Aplikuj online!","og_url":"https:\/\/adjo.pl\/blog\/praca-opiekunka-osob-starszych-w-niemczech\/","og_site_name":"Profesjonalna firma rekrutacyjna w opiece nad seniorami w Niemczech","article_publisher":"https:\/\/www.facebook.com\/adjo.opieka","article_published_time":"2025-08-12T13:53:31+00:00","article_modified_time":"2025-09-04T10:29:44+00:00","og_image":[{"width":148,"height":45,"url":"https:\/\/adjo.pl\/blog\/wp-content\/uploads\/2024\/03\/logo-1.png","type":"image\/png"}],"author":"admin","twitter_card":"summary_large_image","twitter_misc":{"Napisane przez":"admin","Szacowany czas czytania":"8 minut"},"schema":{"@context":"https:\/\/schema.org","@graph":[{"@type":"Article","@id":"https:\/\/adjo.pl\/blog\/praca-opiekunka-osob-starszych-w-niemczech\/#article","isPartOf":{"@id":"https:\/\/adjo.pl\/blog\/praca-opiekunka-osob-starszych-w-niemczech\/"},"author":{"name":"admin","@id":"https:\/\/adjo.pl\/blog\/#\/schema\/person\/589748a8343045d378ace98bbecb1855"},"headline":"Praca opiekunka os\u00f3b starszych w Niemczech \u2013 aktualne oferty","datePublished":"2025-08-12T13:53:31+00:00","dateModified":"2025-09-04T10:29:44+00:00","mainEntityOfPage":{"@id":"https:\/\/adjo.pl\/blog\/praca-opiekunka-osob-starszych-w-niemczech\/"},"wordCount":1406,"commentCount":0,"publisher":{"@id":"https:\/\/adjo.pl\/blog\/#organization"},"image":{"@id":"https:\/\/adjo.pl\/blog\/praca-opiekunka-osob-starszych-w-niemczech\/#primaryimage"},"thumbnailUrl":"https:\/\/adjo.pl\/blog\/wp-content\/uploads\/2024\/03\/logo-1.png","inLanguage":"pl-PL","potentialAction":[{"@type":"CommentAction","name":"Comment","target":["https:\/\/adjo.pl\/blog\/praca-opiekunka-osob-starszych-w-niemczech\/#respond"]}]},{"@type":"WebPage","@id":"https:\/\/adjo.pl\/blog\/praca-opiekunka-osob-starszych-w-niemczech\/","url":"https:\/\/adjo.pl\/blog\/praca-opiekunka-osob-starszych-w-niemczech\/","name":"Praca opiekunka os\u00f3b starszych w Niemczech \u2013 aktualne oferty - Profesjonalna firma rekrutacyjna w opiece nad seniorami w Niemczech","isPartOf":{"@id":"https:\/\/adjo.pl\/blog\/#website"},"primaryImageOfPage":{"@id":"https:\/\/adjo.pl\/blog\/praca-opiekunka-osob-starszych-w-niemczech\/#primaryimage"},"image":{"@id":"https:\/\/adjo.pl\/blog\/praca-opiekunka-osob-starszych-w-niemczech\/#primaryimage"},"thumbnailUrl":"https:\/\/adjo.pl\/blog\/wp-content\/uploads\/2024\/03\/logo-1.png","datePublished":"2025-08-12T13:53:31+00:00","dateModified":"2025-09-04T10:29:44+00:00","description":"Oferty pracy opiekunka Niemcy 2025 \u2b50 Do 2500\u20ac netto \u2b50 Praca bez j\u0119zyka \u2b50 Darmowe zakwaterowanie \u2b50 Agencja ADJO \u2b50 Aplikuj online!","breadcrumb":{"@id":"https:\/\/adjo.pl\/blog\/praca-opiekunka-osob-starszych-w-niemczech\/#breadcrumb"},"inLanguage":"pl-PL","potentialAction":[{"@type":"ReadAction","target":["https:\/\/adjo.pl\/blog\/praca-opiekunka-osob-starszych-w-niemczech\/"]}]},{"@type":"ImageObject","inLanguage":"pl-PL","@id":"https:\/\/adjo.pl\/blog\/praca-opiekunka-osob-starszych-w-niemczech\/#primaryimage","url":"https:\/\/adjo.pl\/blog\/wp-content\/uploads\/2024\/03\/logo-1.png","contentUrl":"https:\/\/adjo.pl\/blog\/wp-content\/uploads\/2024\/03\/logo-1.png","width":148,"height":45,"caption":"praca w niemczech dla opiekunek os\u00f3b starszych"},{"@type":"BreadcrumbList","@id":"https:\/\/adjo.pl\/blog\/praca-opiekunka-osob-starszych-w-niemczech\/#breadcrumb","itemListElement":[{"@type":"ListItem","position":1,"name":"Strona g\u0142\u00f3wna","item":"https:\/\/adjo.pl\/blog\/"},{"@type":"ListItem","position":2,"name":"Praca opiekunka os\u00f3b starszych w Niemczech \u2013 aktualne oferty"}]},{"@type":"WebSite","@id":"https:\/\/adjo.pl\/blog\/#website","url":"https:\/\/adjo.pl\/blog\/","name":"Agencja pracy dla opiekunek w Niemczech","description":"","publisher":{"@id":"https:\/\/adjo.pl\/blog\/#organization"},"potentialAction":[{"@type":"SearchAction","target":{"@type":"EntryPoint","urlTemplate":"https:\/\/adjo.pl\/blog\/?s={search_term_string}"},"query-input":{"@type":"PropertyValueSpecification","valueRequired":true,"valueName":"search_term_string"}}],"inLanguage":"pl-PL"},{"@type":"Organization","@id":"https:\/\/adjo.pl\/blog\/#organization","name":"Agencja pracy dla opiekunek w Niemczech","url":"https:\/\/adjo.pl\/blog\/","logo":{"@type":"ImageObject","inLanguage":"pl-PL","@id":"https:\/\/adjo.pl\/blog\/#\/schema\/logo\/image\/","url":"https:\/\/adjo.pl\/blog\/wp-content\/uploads\/2024\/03\/logo-1.png","contentUrl":"https:\/\/adjo.pl\/blog\/wp-content\/uploads\/2024\/03\/logo-1.png","width":148,"height":45,"caption":"Agencja pracy dla opiekunek w Niemczech"},"image":{"@id":"https:\/\/adjo.pl\/blog\/#\/schema\/logo\/image\/"},"sameAs":["https:\/\/www.facebook.com\/adjo.opieka"]},{"@type":"Person","@id":"https:\/\/adjo.pl\/blog\/#\/schema\/person\/589748a8343045d378ace98bbecb1855","name":"admin","image":{"@type":"ImageObject","inLanguage":"pl-PL","@id":"https:\/\/adjo.pl\/blog\/#\/schema\/person\/image\/","url":"https:\/\/secure.gravatar.com\/avatar\/89b4d1c2f683c2bc7c3063fbb189af202597264b1d128e7152b3f2a8cc07f23f?s=96&d=mm&r=g","contentUrl":"https:\/\/secure.gravatar.com\/avatar\/89b4d1c2f683c2bc7c3063fbb189af202597264b1d128e7152b3f2a8cc07f23f?s=96&d=mm&r=g","caption":"admin"},"sameAs":["https:\/\/adjo.pl\/public\/blog"],"url":"https:\/\/adjo.pl\/blog\/author\/admin\/"}]}},"_links":{"self":[{"href":"https:\/\/adjo.pl\/blog\/wp-json\/wp\/v2\/posts\/205","targetHints":{"allow":["GET"]}}],"collection":[{"href":"https:\/\/adjo.pl\/blog\/wp-json\/wp\/v2\/posts"}],"about":[{"href":"https:\/\/adjo.pl\/blog\/wp-json\/wp\/v2\/types\/post"}],"author":[{"embeddable":true,"href":"https:\/\/adjo.pl\/blog\/wp-json\/wp\/v2\/users\/1"}],"replies":[{"embeddable":true,"href":"https:\/\/adjo.pl\/blog\/wp-json\/wp\/v2\/comments?post=205"}],"version-history":[{"count":4,"href":"https:\/\/adjo.pl\/blog\/wp-json\/wp\/v2\/posts\/205\/revisions"}],"predecessor-version":[{"id":236,"href":"https:\/\/adjo.pl\/blog\/wp-json\/wp\/v2\/posts\/205\/revisions\/236"}],"wp:attachment":[{"href":"https:\/\/adjo.pl\/blog\/wp-json\/wp\/v2\/media?parent=205"}],"wp:term":[{"taxonomy":"category","embeddable":true,"href":"https:\/\/adjo.pl\/blog\/wp-json\/wp\/v2\/categories?post=205"},{"taxonomy":"post_tag","embeddable":true,"href":"https:\/\/adjo.pl\/blog\/wp-json\/wp\/v2\/tags?post=205"}],"curies":[{"name":"wp","href":"https:\/\/api.w.org\/{rel}","templated":true}]}}