{"id":210,"date":"2025-09-02T12:05:37","date_gmt":"2025-09-02T10:05:37","guid":{"rendered":"https:\/\/adjo.pl\/blog\/?p=210"},"modified":"2025-09-04T12:51:57","modified_gmt":"2025-09-04T10:51:57","slug":"dzien-wolny-opiekunki-w-niemczech","status":"publish","type":"post","link":"https:\/\/adjo.pl\/blog\/dzien-wolny-opiekunki-w-niemczech\/","title":{"rendered":"Dzie\u0144 wolny opiekunki w Niemczech: prawa, dobre praktyki, przyk\u0142ady"},"content":{"rendered":"\n<p><strong>Dzie\u0144 wolny opiekunki w Niemczech<\/strong> to standard w legalnej opiece domowej. Dlatego warto wiedzie\u0107, jak go <em>zg\u0142osi\u0107<\/em>, <em>zaplanowa\u0107<\/em> i <em>odebra\u0107<\/em> bez stresu. Poni\u017cej znajdziesz zasady, checklist\u0119 oraz gotowy wz\u00f3r wiadomo\u015bci do koordynatora.<\/p>\n\n\n\n<figure class=\"wp-block-image\"><img decoding=\"async\" src=\"https:\/\/adjo.pl\/blog\/wp-content\/uploads\/2025\/09\/dzien-wolny-opiekunki-1.png\" alt=\"Dzie\u0144 wolny opiekunki w Niemczech \u2014 spacer i odpoczynek\"\/><figcaption class=\"wp-element-caption\">Pomys\u0142y na spokojny <em>dzie\u0144 wolny opiekunki w Niemczech<\/em>.<\/figcaption><\/figure>\n\n\n\n<p><strong>Spis tre\u015bci<\/strong><\/p>\n\n\n\n<ol class=\"wp-block-list\">\n<li><a href=\"#umowa\">Co m\u00f3wi umowa<\/a><\/li>\n\n\n\n<li><a href=\"#zgloszenie\">Zg\u0142oszenie i planowanie<\/a><\/li>\n\n\n\n<li><a href=\"#zastepstwo\">Zast\u0119pstwo podczas wolnego<\/a><\/li>\n\n\n\n<li><a href=\"#problemy\">Najcz\u0119stsze problemy i rozwi\u0105zania<\/a><\/li>\n\n\n\n<li><a href=\"#checklista\">Checklista przygotowa\u0144<\/a><\/li>\n\n\n\n<li><a href=\"#wzor\">Wz\u00f3r zg\u0142oszenia (kopiuj\u2013wklej)<\/a><\/li>\n\n\n\n<li><a href=\"#faq\">FAQ<\/a><\/li>\n\n\n\n<li><a href=\"#zrodla\">Przydatne \u017ar\u00f3d\u0142a<\/a><\/li>\n<\/ol>\n\n\n\n<h2 class=\"wp-block-heading\">Dzie\u0144 wolny opiekunki w Niemczech \u2014 co m\u00f3wi umowa<\/h2>\n\n\n\n<ul class=\"wp-block-list\">\n<li><strong>Standard wolnego:<\/strong> najcz\u0119\u015bciej 1 dzie\u0144 tygodniowo albo r\u00f3wnowa\u017cnik zapisany w umowie. W praktyce szczeg\u00f3\u0142y ustalasz z koordynatorem.<\/li>\n\n\n\n<li><strong>Miejsce sp\u0119dzania wolnego:<\/strong> na miejscu (w domu) lub poza domem \u2014 wa\u017cne, aby zapewni\u0107 ci\u0105g\u0142o\u015b\u0107 opieki i bezpiecze\u0144stwo seniora.<\/li>\n\n\n\n<li><strong>Rola koordynatora:<\/strong> potwierdza termin, pomaga zorganizowa\u0107 zast\u0119pstwo i, co istotne, prowadzi mediacje przy rozbie\u017cnych oczekiwaniach.<\/li>\n<\/ul>\n\n\n\n<h2 class=\"wp-block-heading\">Jak zg\u0142osi\u0107 i zaplanowa\u0107 dzie\u0144 wolny<\/h2>\n\n\n\n<p>Po pierwsze, zadbaj o <strong>wyprzedzenie<\/strong> \u2014 najlepiej 7\u201314 dni. Po drugie, zg\u0142aszaj wolne <strong>pisemnie<\/strong> (SMS\/e-mail), aby mie\u0107 jasny \u015blad ustale\u0144. Ponadto sprecyzuj, czy wolne sp\u0119dzisz \u201ena miejscu\u201d czy \u201epoza domem\u201d.<\/p>\n\n\n\n<ul class=\"wp-block-list\">\n<li><strong>W tre\u015bci wiadomo\u015bci podaj:<\/strong> dat\u0119, godziny, form\u0119 wolnego i informacj\u0119 o zast\u0119pstwie.<\/li>\n\n\n\n<li><strong>Plan minimum dla rodziny\/zast\u0119pstwa:<\/strong> godziny lek\u00f3w, posi\u0142ki i nawodnienie, kontakty awaryjne, zasady bezpiecze\u0144stwa.<\/li>\n\n\n\n<li><strong>Potwierdzenie:<\/strong> popro\u015b o kr\u00f3tk\u0105 odpowied\u017a zwrotn\u0105, aby unikn\u0105\u0107 nieporozumie\u0144.<\/li>\n<\/ul>\n\n\n\n<h2 class=\"wp-block-heading\">Zast\u0119pstwo podczas wolnego (mini-zmiana)<\/h2>\n\n\n\n<p>\u017beby senior czu\u0142 si\u0119 bezpiecznie, przekazanie informacji powinno by\u0107 konkretne i kr\u00f3tkie. Dzi\u0119ki temu osoba zast\u0119puj\u0105ca od pocz\u0105tku wie, co jest naprawd\u0119 wa\u017cne.<\/p>\n\n\n\n<ul class=\"wp-block-list\">\n<li><strong>Zakres odpowiedzialno\u015bci:<\/strong> rodzina lub wyznaczone zast\u0119pstwo dzia\u0142aj\u0105 wed\u0142ug instrukcji opiekunki.<\/li>\n\n\n\n<li><strong>Przekazanie kluczowych danych:<\/strong> leki i pory podania, nawyki (np. nocne wstawanie), ryzyka upadku, dieta i alergie.<\/li>\n\n\n\n<li><strong>Kontakt awaryjny:<\/strong> numery do koordynatora i rodziny w widocznym miejscu.<\/li>\n<\/ul>\n\n\n\n<p>Zobacz te\u017c: <a href=\"https:\/\/adjo.pl\/blog\/zmienniczka-w-opiece-w-niemczech-rotacja\/\">Zmienniczka w opiece w Niemczech \u2014 zasady rotacji<\/a>.<\/p>\n\n\n\n<h2 class=\"wp-block-heading\">Najcz\u0119stsze problemy i jak je rozwi\u0105za\u0107<\/h2>\n\n\n\n<ul class=\"wp-block-list\">\n<li><strong>Pro\u015bba o skr\u00f3cenie wolnego:<\/strong> zaproponuj alternatyw\u0119 (inne godziny lub dzie\u0144). W razie sporu w\u0142\u0105cz koordynatora.<\/li>\n\n\n\n<li><strong>Brak zast\u0119pstwa:<\/strong> uzgodnij \u201eplan minimum\u201d (np. wcze\u015bniejsze przygotowanie posi\u0142k\u00f3w, przypomnienia o lekach) i popro\u015b o potwierdzenie na pi\u015bmie.<\/li>\n\n\n\n<li><strong>Wolne \u201eprzepad\u0142o\u201d:<\/strong> om\u00f3w z koordynatorem <em>r\u00f3wnowa\u017cnik<\/em> w innym terminie \u2014 najlepiej jeszcze w tym samym miesi\u0105cu.<\/li>\n<\/ul>\n\n\n\n<h2 class=\"wp-block-heading\">Checklista: przygotowanie do dnia wolnego<\/h2>\n\n\n\n<ul class=\"wp-block-list\">\n<li>Lista lek\u00f3w + dok\u0142adne godziny podania (kartka przy lod\u00f3wce).<\/li>\n\n\n\n<li>Plan posi\u0142k\u00f3w i nawodnienia na czas nieobecno\u015bci.<\/li>\n\n\n\n<li>Numery: rodzina, koordynator, 112 \u2014 w jednym miejscu.<\/li>\n\n\n\n<li>Klucze, dokumenty, portfel, bilety, telefon, powerbank.<\/li>\n\n\n\n<li>Kr\u00f3tki zakres zada\u0144 dla zast\u0119pstwa (max 10 punkt\u00f3w).<\/li>\n<\/ul>\n\n\n\n<figure class=\"wp-block-image\"><img decoding=\"async\" src=\"https:\/\/adjo.pl\/blog\/wp-content\/uploads\/2025\/09\/dzien-wolny-opiekunki-2.png\" alt=\"Dzie\u0144 wolny opiekunki w Niemczech \u2014 checklista zada\u0144 i bezpiecze\u0144stwo\"\/><figcaption class=\"wp-element-caption\">Praktyczna checklista u\u0142atwia organizacj\u0119 wolnego dnia.<\/figcaption><\/figure>\n\n\n\n<h2 class=\"wp-block-heading\">Wz\u00f3r kr\u00f3tkiego zg\u0142oszenia dnia wolnego (kopiuj\u2013wklej)<\/h2>\n\n\n\n<blockquote class=\"wp-block-quote is-layout-flow wp-block-quote-is-layout-flow\">\n<p>\u201eDzie\u0144 dobry, prosz\u0119 o potwierdzenie dnia wolnego w <strong>[data]<\/strong>, w godz. <strong>[xx:xx\u2013yy:yy]<\/strong>. Plan: <strong>[na miejscu\/poza domem]<\/strong>. Zast\u0119pstwo: <strong>[tak\/nie]<\/strong>. Leki\/posi\u0142ki opisane w notesie. Dzi\u0119kuj\u0119.\u201d<\/p>\n<\/blockquote>\n\n\n\n<h2 class=\"wp-block-heading\">FAQ<\/h2>\n\n\n\n<p><strong>Ile dni wolnych przys\u0142uguje opiekunce w Niemczech?<\/strong><br>Najcz\u0119\u015bciej 1 dzie\u0144 wolny tygodniowo albo r\u00f3wnowa\u017cnik wskazany w umowie. W razie w\u0105tpliwo\u015bci zajrzyj do kontraktu.<\/p>\n\n\n\n<p><strong>Czy wolne musi by\u0107 poza domem podopiecznego?<\/strong><br>Niekoniecznie. Forma zale\u017cy od ustale\u0144; najwa\u017cniejsze s\u0105 bezpiecze\u0144stwo i ci\u0105g\u0142o\u015b\u0107 opieki.<\/p>\n\n\n\n<p><strong>Jak zg\u0142osi\u0107 wolne koordynatorowi?<\/strong><br>Najlepiej pisemnie (SMS\/e-mail) z 7\u201314-dniowym wyprzedzeniem: data, godziny, \u201ena miejscu\/poza domem\u201d oraz informacja o zast\u0119pstwie.<\/p>\n\n\n\n<p><strong>Co zrobi\u0107, gdy rodzina nie akceptuje terminu?<\/strong><br>W\u0142\u0105cz koordynatora do rozmowy i zaproponuj alternatywne godziny lub inny dzie\u0144. Na koniec spisz ustalenia.<\/p>\n\n\n\n<p><strong>Czy niewykorzystane wolne przepada?<\/strong><br>Zwykle mo\u017cna je odebra\u0107 p\u00f3\u017aniej (r\u00f3wnowa\u017cnik). Dlatego zawczasu ustal nowy termin.<\/p>\n\n\n\n<p><strong>Kto odpowiada za leki i posi\u0142ki podczas wolnego?<\/strong><br>Zwykle rodzina lub wyznaczone zast\u0119pstwo. Przeka\u017c checklist\u0119 i godziny podania lek\u00f3w.<\/p>\n\n\n\n<h3 class=\"wp-block-heading\">Przydatne \u017ar\u00f3d\u0142a i oferty<\/h3>\n\n\n\n<ul class=\"wp-block-list\">\n<li>Twoje prawa jako pracownika w UE: <a href=\"https:\/\/europa.eu\/youreurope\/citizens\/work\/workers\/index_pl.htm\" target=\"_blank\" rel=\"noreferrer noopener\">Your Europe (europa.eu)<\/a><\/li>\n\n\n\n<li>Praca za granic\u0105 \u2014 informacje dla pracownik\u00f3w: <a href=\"https:\/\/www.gov.pl\/web\/rodzina\/praca-za-granica\" target=\"_blank\" rel=\"noreferrer noopener\">gov.pl<\/a><\/li>\n\n\n\n<li>Aktualne <a href=\"https:\/\/adjo.pl\/praca\/\">oferty pracy dla opiekunek<\/a> w Niemczech<\/li>\n\n\n\n<li>Masz pytania? Napisz: <a href=\"https:\/\/adjo.pl\/kontakt\/\">Kontakt<\/a><\/li>\n<\/ul>\n\n\n\n<p><em>Uwaga:<\/em> Artyku\u0142 ma charakter informacyjny. Ostateczne zasady wynikaj\u0105 z tre\u015bci Twojej umowy oraz wewn\u0119trznych procedur ADJO.<br><\/p>\n\n\n\n<p><\/p>\n","protected":false},"excerpt":{"rendered":"<p>Dzie\u0144 wolny opiekunki w Niemczech to standard w legalnej opiece domowej. Dlatego warto wiedzie\u0107, jak go zg\u0142osi\u0107, zaplanowa\u0107 i odebra\u0107 bez stresu. Poni\u017cej znajdziesz zasady, checklist\u0119 oraz gotowy wz\u00f3r wiadomo\u015bci do koordynatora. Spis tre\u015bci Dzie\u0144 wolny opiekunki w Niemczech \u2014 co m\u00f3wi umowa Jak zg\u0142osi\u0107 i zaplanowa\u0107 dzie\u0144 wolny Po pierwsze, zadbaj o wyprzedzenie \u2014 [&hellip;]<\/p>\n","protected":false},"author":1,"featured_media":0,"comment_status":"open","ping_status":"open","sticky":false,"template":"","format":"standard","meta":{"footnotes":""},"categories":[1],"tags":[],"class_list":["post-210","post","type-post","status-publish","format-standard","hentry","category-bez-kategorii"],"yoast_head":"<!-- This site is optimized with the Yoast SEO plugin v26.6 - https:\/\/yoast.com\/wordpress\/plugins\/seo\/ -->\n<title>Dzie\u0144 wolny opiekunki w Niemczech: prawa, dobre praktyki, przyk\u0142ady - Profesjonalna firma rekrutacyjna w opiece nad seniorami w Niemczech<\/title>\n<meta name=\"description\" content=\"Dzie\u0144 wolny opiekunki w Niemczech \u2013 jak zg\u0142osi\u0107, zaplanowa\u0107 i odebra\u0107 wolne. Checklista, wz\u00f3r zg\u0142oszenia i dobre praktyki dla opiekunek.\" \/>\n<meta name=\"robots\" content=\"index, follow, max-snippet:-1, max-image-preview:large, max-video-preview:-1\" \/>\n<link rel=\"canonical\" href=\"https:\/\/adjo.pl\/blog\/dzien-wolny-opiekunki-w-niemczech\/\" \/>\n<meta property=\"og:locale\" content=\"pl_PL\" \/>\n<meta property=\"og:type\" content=\"article\" \/>\n<meta property=\"og:title\" content=\"Dzie\u0144 wolny opiekunki w Niemczech: prawa, dobre praktyki, przyk\u0142ady - Profesjonalna firma rekrutacyjna w opiece nad seniorami w Niemczech\" \/>\n<meta property=\"og:description\" content=\"Dzie\u0144 wolny opiekunki w Niemczech \u2013 jak zg\u0142osi\u0107, zaplanowa\u0107 i odebra\u0107 wolne. Checklista, wz\u00f3r zg\u0142oszenia i dobre praktyki dla opiekunek.\" \/>\n<meta property=\"og:url\" content=\"https:\/\/adjo.pl\/blog\/dzien-wolny-opiekunki-w-niemczech\/\" \/>\n<meta property=\"og:site_name\" content=\"Profesjonalna firma rekrutacyjna w opiece nad seniorami w Niemczech\" \/>\n<meta property=\"article:publisher\" content=\"https:\/\/www.facebook.com\/adjo.opieka\" \/>\n<meta property=\"article:published_time\" content=\"2025-09-02T10:05:37+00:00\" \/>\n<meta property=\"article:modified_time\" content=\"2025-09-04T10:51:57+00:00\" \/>\n<meta property=\"og:image\" content=\"https:\/\/adjo.pl\/blog\/wp-content\/uploads\/2025\/09\/dzien-wolny-opiekunki-1.png\" \/>\n<meta name=\"author\" content=\"admin\" \/>\n<meta name=\"twitter:card\" content=\"summary_large_image\" \/>\n<meta name=\"twitter:label1\" content=\"Napisane przez\" \/>\n\t<meta name=\"twitter:data1\" content=\"admin\" \/>\n\t<meta name=\"twitter:label2\" content=\"Szacowany czas czytania\" \/>\n\t<meta name=\"twitter:data2\" content=\"4 minuty\" \/>\n<script type=\"application\/ld+json\" class=\"yoast-schema-graph\">{\"@context\":\"https:\/\/schema.org\",\"@graph\":[{\"@type\":\"Article\",\"@id\":\"https:\/\/adjo.pl\/blog\/dzien-wolny-opiekunki-w-niemczech\/#article\",\"isPartOf\":{\"@id\":\"https:\/\/adjo.pl\/blog\/dzien-wolny-opiekunki-w-niemczech\/\"},\"author\":{\"name\":\"admin\",\"@id\":\"https:\/\/adjo.pl\/blog\/#\/schema\/person\/589748a8343045d378ace98bbecb1855\"},\"headline\":\"Dzie\u0144 wolny opiekunki w Niemczech: prawa, dobre praktyki, przyk\u0142ady\",\"datePublished\":\"2025-09-02T10:05:37+00:00\",\"dateModified\":\"2025-09-04T10:51:57+00:00\",\"mainEntityOfPage\":{\"@id\":\"https:\/\/adjo.pl\/blog\/dzien-wolny-opiekunki-w-niemczech\/\"},\"wordCount\":681,\"commentCount\":0,\"publisher\":{\"@id\":\"https:\/\/adjo.pl\/blog\/#organization\"},\"image\":{\"@id\":\"https:\/\/adjo.pl\/blog\/dzien-wolny-opiekunki-w-niemczech\/#primaryimage\"},\"thumbnailUrl\":\"https:\/\/adjo.pl\/blog\/wp-content\/uploads\/2025\/09\/dzien-wolny-opiekunki-1.png\",\"inLanguage\":\"pl-PL\",\"potentialAction\":[{\"@type\":\"CommentAction\",\"name\":\"Comment\",\"target\":[\"https:\/\/adjo.pl\/blog\/dzien-wolny-opiekunki-w-niemczech\/#respond\"]}]},{\"@type\":\"WebPage\",\"@id\":\"https:\/\/adjo.pl\/blog\/dzien-wolny-opiekunki-w-niemczech\/\",\"url\":\"https:\/\/adjo.pl\/blog\/dzien-wolny-opiekunki-w-niemczech\/\",\"name\":\"Dzie\u0144 wolny opiekunki w Niemczech: prawa, dobre praktyki, przyk\u0142ady - Profesjonalna firma rekrutacyjna w opiece nad seniorami w Niemczech\",\"isPartOf\":{\"@id\":\"https:\/\/adjo.pl\/blog\/#website\"},\"primaryImageOfPage\":{\"@id\":\"https:\/\/adjo.pl\/blog\/dzien-wolny-opiekunki-w-niemczech\/#primaryimage\"},\"image\":{\"@id\":\"https:\/\/adjo.pl\/blog\/dzien-wolny-opiekunki-w-niemczech\/#primaryimage\"},\"thumbnailUrl\":\"https:\/\/adjo.pl\/blog\/wp-content\/uploads\/2025\/09\/dzien-wolny-opiekunki-1.png\",\"datePublished\":\"2025-09-02T10:05:37+00:00\",\"dateModified\":\"2025-09-04T10:51:57+00:00\",\"description\":\"Dzie\u0144 wolny opiekunki w Niemczech \u2013 jak zg\u0142osi\u0107, zaplanowa\u0107 i odebra\u0107 wolne. Checklista, wz\u00f3r zg\u0142oszenia i dobre praktyki dla opiekunek.\",\"breadcrumb\":{\"@id\":\"https:\/\/adjo.pl\/blog\/dzien-wolny-opiekunki-w-niemczech\/#breadcrumb\"},\"inLanguage\":\"pl-PL\",\"potentialAction\":[{\"@type\":\"ReadAction\",\"target\":[\"https:\/\/adjo.pl\/blog\/dzien-wolny-opiekunki-w-niemczech\/\"]}]},{\"@type\":\"ImageObject\",\"inLanguage\":\"pl-PL\",\"@id\":\"https:\/\/adjo.pl\/blog\/dzien-wolny-opiekunki-w-niemczech\/#primaryimage\",\"url\":\"https:\/\/adjo.pl\/blog\/wp-content\/uploads\/2025\/09\/dzien-wolny-opiekunki-1.png\",\"contentUrl\":\"https:\/\/adjo.pl\/blog\/wp-content\/uploads\/2025\/09\/dzien-wolny-opiekunki-1.png\"},{\"@type\":\"BreadcrumbList\",\"@id\":\"https:\/\/adjo.pl\/blog\/dzien-wolny-opiekunki-w-niemczech\/#breadcrumb\",\"itemListElement\":[{\"@type\":\"ListItem\",\"position\":1,\"name\":\"Strona g\u0142\u00f3wna\",\"item\":\"https:\/\/adjo.pl\/blog\/\"},{\"@type\":\"ListItem\",\"position\":2,\"name\":\"Dzie\u0144 wolny opiekunki w Niemczech: prawa, dobre praktyki, przyk\u0142ady\"}]},{\"@type\":\"WebSite\",\"@id\":\"https:\/\/adjo.pl\/blog\/#website\",\"url\":\"https:\/\/adjo.pl\/blog\/\",\"name\":\"Agencja pracy dla opiekunek w Niemczech\",\"description\":\"\",\"publisher\":{\"@id\":\"https:\/\/adjo.pl\/blog\/#organization\"},\"potentialAction\":[{\"@type\":\"SearchAction\",\"target\":{\"@type\":\"EntryPoint\",\"urlTemplate\":\"https:\/\/adjo.pl\/blog\/?s={search_term_string}\"},\"query-input\":{\"@type\":\"PropertyValueSpecification\",\"valueRequired\":true,\"valueName\":\"search_term_string\"}}],\"inLanguage\":\"pl-PL\"},{\"@type\":\"Organization\",\"@id\":\"https:\/\/adjo.pl\/blog\/#organization\",\"name\":\"Agencja pracy dla opiekunek w Niemczech\",\"url\":\"https:\/\/adjo.pl\/blog\/\",\"logo\":{\"@type\":\"ImageObject\",\"inLanguage\":\"pl-PL\",\"@id\":\"https:\/\/adjo.pl\/blog\/#\/schema\/logo\/image\/\",\"url\":\"https:\/\/adjo.pl\/blog\/wp-content\/uploads\/2024\/03\/logo-1.png\",\"contentUrl\":\"https:\/\/adjo.pl\/blog\/wp-content\/uploads\/2024\/03\/logo-1.png\",\"width\":148,\"height\":45,\"caption\":\"Agencja pracy dla opiekunek w Niemczech\"},\"image\":{\"@id\":\"https:\/\/adjo.pl\/blog\/#\/schema\/logo\/image\/\"},\"sameAs\":[\"https:\/\/www.facebook.com\/adjo.opieka\"]},{\"@type\":\"Person\",\"@id\":\"https:\/\/adjo.pl\/blog\/#\/schema\/person\/589748a8343045d378ace98bbecb1855\",\"name\":\"admin\",\"image\":{\"@type\":\"ImageObject\",\"inLanguage\":\"pl-PL\",\"@id\":\"https:\/\/adjo.pl\/blog\/#\/schema\/person\/image\/\",\"url\":\"https:\/\/secure.gravatar.com\/avatar\/89b4d1c2f683c2bc7c3063fbb189af202597264b1d128e7152b3f2a8cc07f23f?s=96&d=mm&r=g\",\"contentUrl\":\"https:\/\/secure.gravatar.com\/avatar\/89b4d1c2f683c2bc7c3063fbb189af202597264b1d128e7152b3f2a8cc07f23f?s=96&d=mm&r=g\",\"caption\":\"admin\"},\"sameAs\":[\"https:\/\/adjo.pl\/public\/blog\"],\"url\":\"https:\/\/adjo.pl\/blog\/author\/admin\/\"}]}<\/script>\n<!-- \/ Yoast SEO plugin. -->","yoast_head_json":{"title":"Dzie\u0144 wolny opiekunki w Niemczech: prawa, dobre praktyki, przyk\u0142ady - Profesjonalna firma rekrutacyjna w opiece nad seniorami w Niemczech","description":"Dzie\u0144 wolny opiekunki w Niemczech \u2013 jak zg\u0142osi\u0107, zaplanowa\u0107 i odebra\u0107 wolne. Checklista, wz\u00f3r zg\u0142oszenia i dobre praktyki dla opiekunek.","robots":{"index":"index","follow":"follow","max-snippet":"max-snippet:-1","max-image-preview":"max-image-preview:large","max-video-preview":"max-video-preview:-1"},"canonical":"https:\/\/adjo.pl\/blog\/dzien-wolny-opiekunki-w-niemczech\/","og_locale":"pl_PL","og_type":"article","og_title":"Dzie\u0144 wolny opiekunki w Niemczech: prawa, dobre praktyki, przyk\u0142ady - Profesjonalna firma rekrutacyjna w opiece nad seniorami w Niemczech","og_description":"Dzie\u0144 wolny opiekunki w Niemczech \u2013 jak zg\u0142osi\u0107, zaplanowa\u0107 i odebra\u0107 wolne. Checklista, wz\u00f3r zg\u0142oszenia i dobre praktyki dla opiekunek.","og_url":"https:\/\/adjo.pl\/blog\/dzien-wolny-opiekunki-w-niemczech\/","og_site_name":"Profesjonalna firma rekrutacyjna w opiece nad seniorami w Niemczech","article_publisher":"https:\/\/www.facebook.com\/adjo.opieka","article_published_time":"2025-09-02T10:05:37+00:00","article_modified_time":"2025-09-04T10:51:57+00:00","og_image":[{"url":"https:\/\/adjo.pl\/blog\/wp-content\/uploads\/2025\/09\/dzien-wolny-opiekunki-1.png","type":"","width":"","height":""}],"author":"admin","twitter_card":"summary_large_image","twitter_misc":{"Napisane przez":"admin","Szacowany czas czytania":"4 minuty"},"schema":{"@context":"https:\/\/schema.org","@graph":[{"@type":"Article","@id":"https:\/\/adjo.pl\/blog\/dzien-wolny-opiekunki-w-niemczech\/#article","isPartOf":{"@id":"https:\/\/adjo.pl\/blog\/dzien-wolny-opiekunki-w-niemczech\/"},"author":{"name":"admin","@id":"https:\/\/adjo.pl\/blog\/#\/schema\/person\/589748a8343045d378ace98bbecb1855"},"headline":"Dzie\u0144 wolny opiekunki w Niemczech: prawa, dobre praktyki, przyk\u0142ady","datePublished":"2025-09-02T10:05:37+00:00","dateModified":"2025-09-04T10:51:57+00:00","mainEntityOfPage":{"@id":"https:\/\/adjo.pl\/blog\/dzien-wolny-opiekunki-w-niemczech\/"},"wordCount":681,"commentCount":0,"publisher":{"@id":"https:\/\/adjo.pl\/blog\/#organization"},"image":{"@id":"https:\/\/adjo.pl\/blog\/dzien-wolny-opiekunki-w-niemczech\/#primaryimage"},"thumbnailUrl":"https:\/\/adjo.pl\/blog\/wp-content\/uploads\/2025\/09\/dzien-wolny-opiekunki-1.png","inLanguage":"pl-PL","potentialAction":[{"@type":"CommentAction","name":"Comment","target":["https:\/\/adjo.pl\/blog\/dzien-wolny-opiekunki-w-niemczech\/#respond"]}]},{"@type":"WebPage","@id":"https:\/\/adjo.pl\/blog\/dzien-wolny-opiekunki-w-niemczech\/","url":"https:\/\/adjo.pl\/blog\/dzien-wolny-opiekunki-w-niemczech\/","name":"Dzie\u0144 wolny opiekunki w Niemczech: prawa, dobre praktyki, przyk\u0142ady - Profesjonalna firma rekrutacyjna w opiece nad seniorami w Niemczech","isPartOf":{"@id":"https:\/\/adjo.pl\/blog\/#website"},"primaryImageOfPage":{"@id":"https:\/\/adjo.pl\/blog\/dzien-wolny-opiekunki-w-niemczech\/#primaryimage"},"image":{"@id":"https:\/\/adjo.pl\/blog\/dzien-wolny-opiekunki-w-niemczech\/#primaryimage"},"thumbnailUrl":"https:\/\/adjo.pl\/blog\/wp-content\/uploads\/2025\/09\/dzien-wolny-opiekunki-1.png","datePublished":"2025-09-02T10:05:37+00:00","dateModified":"2025-09-04T10:51:57+00:00","description":"Dzie\u0144 wolny opiekunki w Niemczech \u2013 jak zg\u0142osi\u0107, zaplanowa\u0107 i odebra\u0107 wolne. Checklista, wz\u00f3r zg\u0142oszenia i dobre praktyki dla opiekunek.","breadcrumb":{"@id":"https:\/\/adjo.pl\/blog\/dzien-wolny-opiekunki-w-niemczech\/#breadcrumb"},"inLanguage":"pl-PL","potentialAction":[{"@type":"ReadAction","target":["https:\/\/adjo.pl\/blog\/dzien-wolny-opiekunki-w-niemczech\/"]}]},{"@type":"ImageObject","inLanguage":"pl-PL","@id":"https:\/\/adjo.pl\/blog\/dzien-wolny-opiekunki-w-niemczech\/#primaryimage","url":"https:\/\/adjo.pl\/blog\/wp-content\/uploads\/2025\/09\/dzien-wolny-opiekunki-1.png","contentUrl":"https:\/\/adjo.pl\/blog\/wp-content\/uploads\/2025\/09\/dzien-wolny-opiekunki-1.png"},{"@type":"BreadcrumbList","@id":"https:\/\/adjo.pl\/blog\/dzien-wolny-opiekunki-w-niemczech\/#breadcrumb","itemListElement":[{"@type":"ListItem","position":1,"name":"Strona g\u0142\u00f3wna","item":"https:\/\/adjo.pl\/blog\/"},{"@type":"ListItem","position":2,"name":"Dzie\u0144 wolny opiekunki w Niemczech: prawa, dobre praktyki, przyk\u0142ady"}]},{"@type":"WebSite","@id":"https:\/\/adjo.pl\/blog\/#website","url":"https:\/\/adjo.pl\/blog\/","name":"Agencja pracy dla opiekunek w Niemczech","description":"","publisher":{"@id":"https:\/\/adjo.pl\/blog\/#organization"},"potentialAction":[{"@type":"SearchAction","target":{"@type":"EntryPoint","urlTemplate":"https:\/\/adjo.pl\/blog\/?s={search_term_string}"},"query-input":{"@type":"PropertyValueSpecification","valueRequired":true,"valueName":"search_term_string"}}],"inLanguage":"pl-PL"},{"@type":"Organization","@id":"https:\/\/adjo.pl\/blog\/#organization","name":"Agencja pracy dla opiekunek w Niemczech","url":"https:\/\/adjo.pl\/blog\/","logo":{"@type":"ImageObject","inLanguage":"pl-PL","@id":"https:\/\/adjo.pl\/blog\/#\/schema\/logo\/image\/","url":"https:\/\/adjo.pl\/blog\/wp-content\/uploads\/2024\/03\/logo-1.png","contentUrl":"https:\/\/adjo.pl\/blog\/wp-content\/uploads\/2024\/03\/logo-1.png","width":148,"height":45,"caption":"Agencja pracy dla opiekunek w Niemczech"},"image":{"@id":"https:\/\/adjo.pl\/blog\/#\/schema\/logo\/image\/"},"sameAs":["https:\/\/www.facebook.com\/adjo.opieka"]},{"@type":"Person","@id":"https:\/\/adjo.pl\/blog\/#\/schema\/person\/589748a8343045d378ace98bbecb1855","name":"admin","image":{"@type":"ImageObject","inLanguage":"pl-PL","@id":"https:\/\/adjo.pl\/blog\/#\/schema\/person\/image\/","url":"https:\/\/secure.gravatar.com\/avatar\/89b4d1c2f683c2bc7c3063fbb189af202597264b1d128e7152b3f2a8cc07f23f?s=96&d=mm&r=g","contentUrl":"https:\/\/secure.gravatar.com\/avatar\/89b4d1c2f683c2bc7c3063fbb189af202597264b1d128e7152b3f2a8cc07f23f?s=96&d=mm&r=g","caption":"admin"},"sameAs":["https:\/\/adjo.pl\/public\/blog"],"url":"https:\/\/adjo.pl\/blog\/author\/admin\/"}]}},"_links":{"self":[{"href":"https:\/\/adjo.pl\/blog\/wp-json\/wp\/v2\/posts\/210","targetHints":{"allow":["GET"]}}],"collection":[{"href":"https:\/\/adjo.pl\/blog\/wp-json\/wp\/v2\/posts"}],"about":[{"href":"https:\/\/adjo.pl\/blog\/wp-json\/wp\/v2\/types\/post"}],"author":[{"embeddable":true,"href":"https:\/\/adjo.pl\/blog\/wp-json\/wp\/v2\/users\/1"}],"replies":[{"embeddable":true,"href":"https:\/\/adjo.pl\/blog\/wp-json\/wp\/v2\/comments?post=210"}],"version-history":[{"count":7,"href":"https:\/\/adjo.pl\/blog\/wp-json\/wp\/v2\/posts\/210\/revisions"}],"predecessor-version":[{"id":238,"href":"https:\/\/adjo.pl\/blog\/wp-json\/wp\/v2\/posts\/210\/revisions\/238"}],"wp:attachment":[{"href":"https:\/\/adjo.pl\/blog\/wp-json\/wp\/v2\/media?parent=210"}],"wp:term":[{"taxonomy":"category","embeddable":true,"href":"https:\/\/adjo.pl\/blog\/wp-json\/wp\/v2\/categories?post=210"},{"taxonomy":"post_tag","embeddable":true,"href":"https:\/\/adjo.pl\/blog\/wp-json\/wp\/v2\/tags?post=210"}],"curies":[{"name":"wp","href":"https:\/\/api.w.org\/{rel}","templated":true}]}}