{"id":28,"date":"2024-03-29T11:03:15","date_gmt":"2024-03-29T10:03:15","guid":{"rendered":"https:\/\/adjo.pl\/blog\/?p=28"},"modified":"2025-11-06T14:32:43","modified_gmt":"2025-11-06T13:32:43","slug":"wazne-swieta-w-niemczech","status":"publish","type":"post","link":"https:\/\/adjo.pl\/blog\/wazne-swieta-w-niemczech\/","title":{"rendered":"Wa\u017cne \u015bwi\u0119ta w Niemczech \u2013 tradycje i obyczaje"},"content":{"rendered":"\n<p>Ka\u017cdy kraj ma swoje wyj\u0105tkowe \u015bwi\u0119ta i tradycje, kt\u00f3re pokazuj\u0105 jego kultur\u0119 i warto\u015bci.<br><strong>\u015awi\u0119ta w Niemczech<\/strong> odzwierciedlaj\u0105 bogat\u0105 histori\u0119, r\u00f3\u017cnorodno\u015b\u0107 region\u00f3w oraz silne przywi\u0105zanie do wsp\u00f3lnego \u015bwi\u0119towania.<br>Niekt\u00f3re z nich s\u0105 znane na ca\u0142ym \u015bwiecie, inne \u2013 typowo lokalne \u2013 tworz\u0105 unikalny klimat niemieckiego \u017cycia.<br><strong>Dlatego w\u0142a\u015bnie<\/strong> warto przyjrze\u0107 si\u0119 bli\u017cej najwa\u017cniejszym \u015bwi\u0119tom obchodzonym w Niemczech.<\/p>\n\n\n\n<hr class=\"wp-block-separator has-alpha-channel-opacity\"\/>\n\n\n\n<h2 class=\"wp-block-heading\"><strong>Oktoberfest \u2013 najpopularniejsze \u015bwi\u0119to w Niemczech<\/strong><\/h2>\n\n\n\n<p>Jednym z najbardziej rozpoznawalnych <strong>\u015bwi\u0105t w Niemczech<\/strong> jest Oktoberfest.<br>To ogromne \u015bwi\u0119to piwa odbywa si\u0119 w Monachium od ko\u0144ca wrze\u015bnia do pocz\u0105tku pa\u017adziernika.<br>Co roku przyci\u0105ga ono setki tysi\u0119cy turyst\u00f3w z ca\u0142ego \u015bwiata.<br><strong>W tym czasie<\/strong> miasto t\u0119tni muzyk\u0105, zapachem bawarskich potraw i radosn\u0105 atmosfer\u0105.<br><strong>Ponadto<\/strong>, uczestnicy mog\u0105 spr\u00f3bowa\u0107 tradycyjnych kie\u0142bas, precli i r\u00f3\u017cnorodnych gatunk\u00f3w piwa.<br><strong>W rezultacie<\/strong> Oktoberfest sta\u0142 si\u0119 symbolem niemieckiej go\u015bcinno\u015bci i dobrej zabawy.<\/p>\n\n\n\n<hr class=\"wp-block-separator has-alpha-channel-opacity\"\/>\n\n\n\n<h2 class=\"wp-block-heading\"><strong>Weihnachten \u2013 Bo\u017ce Narodzenie po niemiecku<\/strong><\/h2>\n\n\n\n<p><strong>Bo\u017ce Narodzenie<\/strong> to jedno z najwa\u017cniejszych i najbardziej rodzinnych <strong>\u015bwi\u0105t w Niemczech<\/strong>.<br>\u015awi\u0119towanie zaczyna si\u0119 ju\u017c w Wigili\u0119, 24 grudnia.<br>Rodziny spotykaj\u0105 si\u0119 przy stole, wymieniaj\u0105 prezenty i wsp\u00f3lnie kol\u0119duj\u0105.<br><strong>Co wi\u0119cej<\/strong>, w grudniu w ca\u0142ym kraju pojawiaj\u0105 si\u0119 s\u0142ynne jarmarki bo\u017conarodzeniowe.<br>To w\u0142a\u015bnie one przyci\u0105gaj\u0105 miliony odwiedzaj\u0105cych i tworz\u0105 wyj\u0105tkow\u0105 atmosfer\u0119.<br>Domy ozdabiane s\u0105 choinkami, a w kuchni kr\u00f3luj\u0105 pierniki <strong>Lebkuchen<\/strong> oraz \u015bwi\u0105teczny chleb <strong>Christstollen<\/strong>.<br><strong>Dzi\u0119ki temu<\/strong> grudzie\u0144 w Niemczech jest czasem ciep\u0142a, \u015bwiat\u0142a i wsp\u00f3lnego \u015bwi\u0119towania.<\/p>\n\n\n\n<hr class=\"wp-block-separator has-alpha-channel-opacity\"\/>\n\n\n\n<h2 class=\"wp-block-heading\"><strong>Karneval \u2013 rado\u015b\u0107, muzyka i kolorowe stroje<\/strong><\/h2>\n\n\n\n<p><strong>Karnawa\u0142<\/strong> (znany te\u017c jako <em>Fasching<\/em> lub <em>Fastnacht<\/em>) to jedno z najbardziej barwnych i radosnych <strong>\u015bwi\u0105t w Niemczech<\/strong>.<br>Odbywa si\u0119 tu\u017c przed Wielkim Postem.<br><strong>Najwi\u0119ksze obchody<\/strong> mo\u017cna zobaczy\u0107 w Kolonii, D\u00fcsseldorfie i Mainz.<br>Wtedy ulice wype\u0142niaj\u0105 si\u0119 paradami, muzyk\u0105 i ta\u0144cem.<br><strong>Z kolei<\/strong> mieszka\u0144cy zak\u0142adaj\u0105 fantazyjne kostiumy i maski, aby wsp\u00f3lnie \u015bwi\u0119towa\u0107.<br><strong>W ten spos\u00f3b<\/strong> ca\u0142e miasta zamieniaj\u0105 si\u0119 w ogromne sceny pe\u0142ne \u015bmiechu i kolor\u00f3w.<br><strong>Mimo to<\/strong>, karnawa\u0142 ma te\u017c wymiar symboliczny \u2013 to po\u017cegnanie zimy i zapowied\u017a nowego pocz\u0105tku.<\/p>\n\n\n\n<hr class=\"wp-block-separator has-alpha-channel-opacity\"\/>\n\n\n\n<h2 class=\"wp-block-heading\"><strong>Tag der Deutschen Einheit \u2013 Dzie\u0144 Zjednoczenia Niemiec<\/strong><\/h2>\n\n\n\n<p>3 pa\u017adziernika Niemcy obchodz\u0105 <strong>Dzie\u0144 Zjednoczenia<\/strong>, czyli narodowe <strong>\u015bwi\u0119to w Niemczech<\/strong>, kt\u00f3re upami\u0119tnia zjednoczenie kraju po upadku Muru Berli\u0144skiego w 1989 roku.<br>To wyj\u0105tkowy dzie\u0144, <strong>poniewa\u017c<\/strong> symbolizuje jedno\u015b\u0107 i pok\u00f3j po latach podzia\u0142u.<br><strong>Co roku<\/strong> w r\u00f3\u017cnych miastach odbywaj\u0105 si\u0119 uroczysto\u015bci, koncerty i pokazy sztucznych ogni.<br><strong>Dzi\u0119ki temu<\/strong> mieszka\u0144cy mog\u0105 wsp\u00f3lnie \u015bwi\u0119towa\u0107 najwa\u017cniejszy moment we wsp\u00f3\u0142czesnej historii kraju.<\/p>\n\n\n\n<hr class=\"wp-block-separator has-alpha-channel-opacity\"\/>\n\n\n\n<h2 class=\"wp-block-heading\"><strong>Ostern \u2013 niemiecka Wielkanoc<\/strong><\/h2>\n\n\n\n<p><strong>Wielkanoc<\/strong> w Niemczech to czas rado\u015bci i nadziei.<br><strong>Podobnie jak w Polsce<\/strong>, \u015bwi\u0119ta te sp\u0119dza si\u0119 z rodzin\u0105, a dzieci szukaj\u0105 jajek wielkanocnych schowanych przez \u201ezaj\u0105czka\u201d.<br>Domy dekorowane s\u0105 pisankami i wiosennymi kwiatami.<br><strong>Ponadto<\/strong>, w wielu regionach odbywaj\u0105 si\u0119 procesje i kiermasze.<br><strong>W ten spos\u00f3b<\/strong> Wielkanoc \u0142\u0105czy religijne tradycje z radosnym \u015bwi\u0119towaniem wiosny.<\/p>\n\n\n\n<hr class=\"wp-block-separator has-alpha-channel-opacity\"\/>\n\n\n\n<h2 class=\"wp-block-heading\"><strong>Inne wa\u017cne \u015bwi\u0119ta w Niemczech<\/strong><\/h2>\n\n\n\n<p>W Niemczech obchodzonych jest r\u00f3wnie\u017c wiele innych dni, kt\u00f3re maj\u0105 lokalne znaczenie.<br><strong>Na przyk\u0142ad<\/strong>, w niekt\u00f3rych landach bardzo popularne s\u0105:<\/p>\n\n\n\n<ul class=\"wp-block-list\">\n<li><strong>Pfingsten<\/strong> \u2013 Zes\u0142anie Ducha \u015awi\u0119tego,<\/li>\n\n\n\n<li><strong>Erntedankfest<\/strong> \u2013 \u015awi\u0119to Plon\u00f3w,<\/li>\n\n\n\n<li><strong>Silvester<\/strong> \u2013 Sylwester z fajerwerkami,<\/li>\n\n\n\n<li><strong>Neujahr<\/strong> \u2013 Nowy Rok, witany w gronie przyjaci\u00f3\u0142.<br><strong>Wszystkie te \u015bwi\u0119ta<\/strong> pokazuj\u0105, jak silne jest przywi\u0105zanie Niemc\u00f3w do wsp\u00f3lnego \u015bwi\u0119towania i podtrzymywania tradycji.<\/li>\n<\/ul>\n\n\n\n<hr class=\"wp-block-separator has-alpha-channel-opacity\"\/>\n\n\n\n<h2 class=\"wp-block-heading\"><strong>Podsumowanie<\/strong><\/h2>\n\n\n\n<p>Jak wida\u0107, <strong>\u015bwi\u0119ta w Niemczech<\/strong> s\u0105 bardzo r\u00f3\u017cnorodne.<br>Niekt\u00f3re maj\u0105 charakter religijny, inne \u2013 kulturalny lub historyczny.<br><strong>Jednak wszystkie<\/strong> \u0142\u0105cz\u0105 si\u0119 z rado\u015bci\u0105, wsp\u00f3lnot\u0105 i piel\u0119gnowaniem tradycji.<br><strong>Dlatego te\u017c<\/strong> warto pozna\u0107 je bli\u017cej, zw\u0142aszcza je\u015bli planujesz podr\u00f3\u017c lub prac\u0119 w Niemczech.<br><strong>W ten spos\u00f3b<\/strong> \u0142atwiej zrozumiesz kultur\u0119 i codzienne \u017cycie naszych zachodnich s\u0105siad\u00f3w.<\/p>\n\n\n\n<p>Wi\u0119cej o kulturze i zwyczajach znajdziesz na stronie:<br>\ud83d\udc49 <a>Goethe-Institut \u2013 tradycje i \u015bwi\u0119ta w Niemczech<\/a><\/p>\n","protected":false},"excerpt":{"rendered":"<p>Ka\u017cdy kraj ma swoje wyj\u0105tkowe \u015bwi\u0119ta i tradycje, kt\u00f3re pokazuj\u0105 jego kultur\u0119 i warto\u015bci.\u015awi\u0119ta w Niemczech odzwierciedlaj\u0105 bogat\u0105 histori\u0119, r\u00f3\u017cnorodno\u015b\u0107 region\u00f3w oraz silne przywi\u0105zanie do wsp\u00f3lnego \u015bwi\u0119towania.Niekt\u00f3re z nich s\u0105 znane na ca\u0142ym \u015bwiecie, inne \u2013 typowo lokalne \u2013 tworz\u0105 unikalny klimat niemieckiego \u017cycia.Dlatego w\u0142a\u015bnie warto przyjrze\u0107 si\u0119 bli\u017cej najwa\u017cniejszym \u015bwi\u0119tom obchodzonym w Niemczech. Oktoberfest [&hellip;]<\/p>\n","protected":false},"author":1,"featured_media":0,"comment_status":"open","ping_status":"open","sticky":false,"template":"","format":"standard","meta":{"footnotes":""},"categories":[1],"tags":[],"class_list":["post-28","post","type-post","status-publish","format-standard","hentry","category-bez-kategorii"],"yoast_head":"<!-- This site is optimized with the Yoast SEO plugin v26.6 - https:\/\/yoast.com\/wordpress\/plugins\/seo\/ -->\n<title>Wa\u017cne \u015bwi\u0119ta w Niemczech \u2013 tradycje i obyczaje - Profesjonalna firma rekrutacyjna w opiece nad seniorami w Niemczech<\/title>\n<meta name=\"description\" content=\"Poznaj najwa\u017cniejsze \u015bwi\u0119ta w Niemczech: Oktoberfest, Bo\u017ce Narodzenie, Wielkanoc i inne. Dowiedz si\u0119, jak Niemcy celebruj\u0105 swoje tradycje i kultur\u0119.\" \/>\n<meta name=\"robots\" content=\"index, follow, max-snippet:-1, max-image-preview:large, max-video-preview:-1\" \/>\n<link rel=\"canonical\" href=\"https:\/\/adjo.pl\/blog\/wazne-swieta-w-niemczech\/\" \/>\n<meta property=\"og:locale\" content=\"pl_PL\" \/>\n<meta property=\"og:type\" content=\"article\" \/>\n<meta property=\"og:title\" content=\"Wa\u017cne \u015bwi\u0119ta w Niemczech \u2013 tradycje i obyczaje - Profesjonalna firma rekrutacyjna w opiece nad seniorami w Niemczech\" \/>\n<meta property=\"og:description\" content=\"Poznaj najwa\u017cniejsze \u015bwi\u0119ta w Niemczech: Oktoberfest, Bo\u017ce Narodzenie, Wielkanoc i inne. Dowiedz si\u0119, jak Niemcy celebruj\u0105 swoje tradycje i kultur\u0119.\" \/>\n<meta property=\"og:url\" content=\"https:\/\/adjo.pl\/blog\/wazne-swieta-w-niemczech\/\" \/>\n<meta property=\"og:site_name\" content=\"Profesjonalna firma rekrutacyjna w opiece nad seniorami w Niemczech\" \/>\n<meta property=\"article:publisher\" content=\"https:\/\/www.facebook.com\/adjo.opieka\" \/>\n<meta property=\"article:published_time\" content=\"2024-03-29T10:03:15+00:00\" \/>\n<meta property=\"article:modified_time\" content=\"2025-11-06T13:32:43+00:00\" \/>\n<meta name=\"author\" content=\"admin\" \/>\n<meta name=\"twitter:card\" content=\"summary_large_image\" \/>\n<meta name=\"twitter:label1\" content=\"Napisane przez\" \/>\n\t<meta name=\"twitter:data1\" content=\"admin\" \/>\n\t<meta name=\"twitter:label2\" content=\"Szacowany czas czytania\" \/>\n\t<meta name=\"twitter:data2\" content=\"4 minuty\" \/>\n<script type=\"application\/ld+json\" class=\"yoast-schema-graph\">{\"@context\":\"https:\/\/schema.org\",\"@graph\":[{\"@type\":\"Article\",\"@id\":\"https:\/\/adjo.pl\/blog\/wazne-swieta-w-niemczech\/#article\",\"isPartOf\":{\"@id\":\"https:\/\/adjo.pl\/blog\/wazne-swieta-w-niemczech\/\"},\"author\":{\"name\":\"admin\",\"@id\":\"https:\/\/adjo.pl\/blog\/#\/schema\/person\/589748a8343045d378ace98bbecb1855\"},\"headline\":\"Wa\u017cne \u015bwi\u0119ta w Niemczech \u2013 tradycje i obyczaje\",\"datePublished\":\"2024-03-29T10:03:15+00:00\",\"dateModified\":\"2025-11-06T13:32:43+00:00\",\"mainEntityOfPage\":{\"@id\":\"https:\/\/adjo.pl\/blog\/wazne-swieta-w-niemczech\/\"},\"wordCount\":673,\"commentCount\":0,\"publisher\":{\"@id\":\"https:\/\/adjo.pl\/blog\/#organization\"},\"inLanguage\":\"pl-PL\",\"potentialAction\":[{\"@type\":\"CommentAction\",\"name\":\"Comment\",\"target\":[\"https:\/\/adjo.pl\/blog\/wazne-swieta-w-niemczech\/#respond\"]}]},{\"@type\":\"WebPage\",\"@id\":\"https:\/\/adjo.pl\/blog\/wazne-swieta-w-niemczech\/\",\"url\":\"https:\/\/adjo.pl\/blog\/wazne-swieta-w-niemczech\/\",\"name\":\"Wa\u017cne \u015bwi\u0119ta w Niemczech \u2013 tradycje i obyczaje - Profesjonalna firma rekrutacyjna w opiece nad seniorami w Niemczech\",\"isPartOf\":{\"@id\":\"https:\/\/adjo.pl\/blog\/#website\"},\"datePublished\":\"2024-03-29T10:03:15+00:00\",\"dateModified\":\"2025-11-06T13:32:43+00:00\",\"description\":\"Poznaj najwa\u017cniejsze \u015bwi\u0119ta w Niemczech: Oktoberfest, Bo\u017ce Narodzenie, Wielkanoc i inne. Dowiedz si\u0119, jak Niemcy celebruj\u0105 swoje tradycje i kultur\u0119.\",\"breadcrumb\":{\"@id\":\"https:\/\/adjo.pl\/blog\/wazne-swieta-w-niemczech\/#breadcrumb\"},\"inLanguage\":\"pl-PL\",\"potentialAction\":[{\"@type\":\"ReadAction\",\"target\":[\"https:\/\/adjo.pl\/blog\/wazne-swieta-w-niemczech\/\"]}]},{\"@type\":\"BreadcrumbList\",\"@id\":\"https:\/\/adjo.pl\/blog\/wazne-swieta-w-niemczech\/#breadcrumb\",\"itemListElement\":[{\"@type\":\"ListItem\",\"position\":1,\"name\":\"Strona g\u0142\u00f3wna\",\"item\":\"https:\/\/adjo.pl\/blog\/\"},{\"@type\":\"ListItem\",\"position\":2,\"name\":\"Wa\u017cne \u015bwi\u0119ta w Niemczech \u2013 tradycje i obyczaje\"}]},{\"@type\":\"WebSite\",\"@id\":\"https:\/\/adjo.pl\/blog\/#website\",\"url\":\"https:\/\/adjo.pl\/blog\/\",\"name\":\"Agencja pracy dla opiekunek w Niemczech\",\"description\":\"\",\"publisher\":{\"@id\":\"https:\/\/adjo.pl\/blog\/#organization\"},\"potentialAction\":[{\"@type\":\"SearchAction\",\"target\":{\"@type\":\"EntryPoint\",\"urlTemplate\":\"https:\/\/adjo.pl\/blog\/?s={search_term_string}\"},\"query-input\":{\"@type\":\"PropertyValueSpecification\",\"valueRequired\":true,\"valueName\":\"search_term_string\"}}],\"inLanguage\":\"pl-PL\"},{\"@type\":\"Organization\",\"@id\":\"https:\/\/adjo.pl\/blog\/#organization\",\"name\":\"Agencja pracy dla opiekunek w Niemczech\",\"url\":\"https:\/\/adjo.pl\/blog\/\",\"logo\":{\"@type\":\"ImageObject\",\"inLanguage\":\"pl-PL\",\"@id\":\"https:\/\/adjo.pl\/blog\/#\/schema\/logo\/image\/\",\"url\":\"https:\/\/adjo.pl\/blog\/wp-content\/uploads\/2024\/03\/logo-1.png\",\"contentUrl\":\"https:\/\/adjo.pl\/blog\/wp-content\/uploads\/2024\/03\/logo-1.png\",\"width\":148,\"height\":45,\"caption\":\"Agencja pracy dla opiekunek w Niemczech\"},\"image\":{\"@id\":\"https:\/\/adjo.pl\/blog\/#\/schema\/logo\/image\/\"},\"sameAs\":[\"https:\/\/www.facebook.com\/adjo.opieka\"]},{\"@type\":\"Person\",\"@id\":\"https:\/\/adjo.pl\/blog\/#\/schema\/person\/589748a8343045d378ace98bbecb1855\",\"name\":\"admin\",\"image\":{\"@type\":\"ImageObject\",\"inLanguage\":\"pl-PL\",\"@id\":\"https:\/\/adjo.pl\/blog\/#\/schema\/person\/image\/\",\"url\":\"https:\/\/secure.gravatar.com\/avatar\/89b4d1c2f683c2bc7c3063fbb189af202597264b1d128e7152b3f2a8cc07f23f?s=96&d=mm&r=g\",\"contentUrl\":\"https:\/\/secure.gravatar.com\/avatar\/89b4d1c2f683c2bc7c3063fbb189af202597264b1d128e7152b3f2a8cc07f23f?s=96&d=mm&r=g\",\"caption\":\"admin\"},\"sameAs\":[\"https:\/\/adjo.pl\/public\/blog\"],\"url\":\"https:\/\/adjo.pl\/blog\/author\/admin\/\"}]}<\/script>\n<!-- \/ Yoast SEO plugin. -->","yoast_head_json":{"title":"Wa\u017cne \u015bwi\u0119ta w Niemczech \u2013 tradycje i obyczaje - Profesjonalna firma rekrutacyjna w opiece nad seniorami w Niemczech","description":"Poznaj najwa\u017cniejsze \u015bwi\u0119ta w Niemczech: Oktoberfest, Bo\u017ce Narodzenie, Wielkanoc i inne. Dowiedz si\u0119, jak Niemcy celebruj\u0105 swoje tradycje i kultur\u0119.","robots":{"index":"index","follow":"follow","max-snippet":"max-snippet:-1","max-image-preview":"max-image-preview:large","max-video-preview":"max-video-preview:-1"},"canonical":"https:\/\/adjo.pl\/blog\/wazne-swieta-w-niemczech\/","og_locale":"pl_PL","og_type":"article","og_title":"Wa\u017cne \u015bwi\u0119ta w Niemczech \u2013 tradycje i obyczaje - Profesjonalna firma rekrutacyjna w opiece nad seniorami w Niemczech","og_description":"Poznaj najwa\u017cniejsze \u015bwi\u0119ta w Niemczech: Oktoberfest, Bo\u017ce Narodzenie, Wielkanoc i inne. Dowiedz si\u0119, jak Niemcy celebruj\u0105 swoje tradycje i kultur\u0119.","og_url":"https:\/\/adjo.pl\/blog\/wazne-swieta-w-niemczech\/","og_site_name":"Profesjonalna firma rekrutacyjna w opiece nad seniorami w Niemczech","article_publisher":"https:\/\/www.facebook.com\/adjo.opieka","article_published_time":"2024-03-29T10:03:15+00:00","article_modified_time":"2025-11-06T13:32:43+00:00","author":"admin","twitter_card":"summary_large_image","twitter_misc":{"Napisane przez":"admin","Szacowany czas czytania":"4 minuty"},"schema":{"@context":"https:\/\/schema.org","@graph":[{"@type":"Article","@id":"https:\/\/adjo.pl\/blog\/wazne-swieta-w-niemczech\/#article","isPartOf":{"@id":"https:\/\/adjo.pl\/blog\/wazne-swieta-w-niemczech\/"},"author":{"name":"admin","@id":"https:\/\/adjo.pl\/blog\/#\/schema\/person\/589748a8343045d378ace98bbecb1855"},"headline":"Wa\u017cne \u015bwi\u0119ta w Niemczech \u2013 tradycje i obyczaje","datePublished":"2024-03-29T10:03:15+00:00","dateModified":"2025-11-06T13:32:43+00:00","mainEntityOfPage":{"@id":"https:\/\/adjo.pl\/blog\/wazne-swieta-w-niemczech\/"},"wordCount":673,"commentCount":0,"publisher":{"@id":"https:\/\/adjo.pl\/blog\/#organization"},"inLanguage":"pl-PL","potentialAction":[{"@type":"CommentAction","name":"Comment","target":["https:\/\/adjo.pl\/blog\/wazne-swieta-w-niemczech\/#respond"]}]},{"@type":"WebPage","@id":"https:\/\/adjo.pl\/blog\/wazne-swieta-w-niemczech\/","url":"https:\/\/adjo.pl\/blog\/wazne-swieta-w-niemczech\/","name":"Wa\u017cne \u015bwi\u0119ta w Niemczech \u2013 tradycje i obyczaje - Profesjonalna firma rekrutacyjna w opiece nad seniorami w Niemczech","isPartOf":{"@id":"https:\/\/adjo.pl\/blog\/#website"},"datePublished":"2024-03-29T10:03:15+00:00","dateModified":"2025-11-06T13:32:43+00:00","description":"Poznaj najwa\u017cniejsze \u015bwi\u0119ta w Niemczech: Oktoberfest, Bo\u017ce Narodzenie, Wielkanoc i inne. Dowiedz si\u0119, jak Niemcy celebruj\u0105 swoje tradycje i kultur\u0119.","breadcrumb":{"@id":"https:\/\/adjo.pl\/blog\/wazne-swieta-w-niemczech\/#breadcrumb"},"inLanguage":"pl-PL","potentialAction":[{"@type":"ReadAction","target":["https:\/\/adjo.pl\/blog\/wazne-swieta-w-niemczech\/"]}]},{"@type":"BreadcrumbList","@id":"https:\/\/adjo.pl\/blog\/wazne-swieta-w-niemczech\/#breadcrumb","itemListElement":[{"@type":"ListItem","position":1,"name":"Strona g\u0142\u00f3wna","item":"https:\/\/adjo.pl\/blog\/"},{"@type":"ListItem","position":2,"name":"Wa\u017cne \u015bwi\u0119ta w Niemczech \u2013 tradycje i obyczaje"}]},{"@type":"WebSite","@id":"https:\/\/adjo.pl\/blog\/#website","url":"https:\/\/adjo.pl\/blog\/","name":"Agencja pracy dla opiekunek w Niemczech","description":"","publisher":{"@id":"https:\/\/adjo.pl\/blog\/#organization"},"potentialAction":[{"@type":"SearchAction","target":{"@type":"EntryPoint","urlTemplate":"https:\/\/adjo.pl\/blog\/?s={search_term_string}"},"query-input":{"@type":"PropertyValueSpecification","valueRequired":true,"valueName":"search_term_string"}}],"inLanguage":"pl-PL"},{"@type":"Organization","@id":"https:\/\/adjo.pl\/blog\/#organization","name":"Agencja pracy dla opiekunek w Niemczech","url":"https:\/\/adjo.pl\/blog\/","logo":{"@type":"ImageObject","inLanguage":"pl-PL","@id":"https:\/\/adjo.pl\/blog\/#\/schema\/logo\/image\/","url":"https:\/\/adjo.pl\/blog\/wp-content\/uploads\/2024\/03\/logo-1.png","contentUrl":"https:\/\/adjo.pl\/blog\/wp-content\/uploads\/2024\/03\/logo-1.png","width":148,"height":45,"caption":"Agencja pracy dla opiekunek w Niemczech"},"image":{"@id":"https:\/\/adjo.pl\/blog\/#\/schema\/logo\/image\/"},"sameAs":["https:\/\/www.facebook.com\/adjo.opieka"]},{"@type":"Person","@id":"https:\/\/adjo.pl\/blog\/#\/schema\/person\/589748a8343045d378ace98bbecb1855","name":"admin","image":{"@type":"ImageObject","inLanguage":"pl-PL","@id":"https:\/\/adjo.pl\/blog\/#\/schema\/person\/image\/","url":"https:\/\/secure.gravatar.com\/avatar\/89b4d1c2f683c2bc7c3063fbb189af202597264b1d128e7152b3f2a8cc07f23f?s=96&d=mm&r=g","contentUrl":"https:\/\/secure.gravatar.com\/avatar\/89b4d1c2f683c2bc7c3063fbb189af202597264b1d128e7152b3f2a8cc07f23f?s=96&d=mm&r=g","caption":"admin"},"sameAs":["https:\/\/adjo.pl\/public\/blog"],"url":"https:\/\/adjo.pl\/blog\/author\/admin\/"}]}},"_links":{"self":[{"href":"https:\/\/adjo.pl\/blog\/wp-json\/wp\/v2\/posts\/28","targetHints":{"allow":["GET"]}}],"collection":[{"href":"https:\/\/adjo.pl\/blog\/wp-json\/wp\/v2\/posts"}],"about":[{"href":"https:\/\/adjo.pl\/blog\/wp-json\/wp\/v2\/types\/post"}],"author":[{"embeddable":true,"href":"https:\/\/adjo.pl\/blog\/wp-json\/wp\/v2\/users\/1"}],"replies":[{"embeddable":true,"href":"https:\/\/adjo.pl\/blog\/wp-json\/wp\/v2\/comments?post=28"}],"version-history":[{"count":2,"href":"https:\/\/adjo.pl\/blog\/wp-json\/wp\/v2\/posts\/28\/revisions"}],"predecessor-version":[{"id":299,"href":"https:\/\/adjo.pl\/blog\/wp-json\/wp\/v2\/posts\/28\/revisions\/299"}],"wp:attachment":[{"href":"https:\/\/adjo.pl\/blog\/wp-json\/wp\/v2\/media?parent=28"}],"wp:term":[{"taxonomy":"category","embeddable":true,"href":"https:\/\/adjo.pl\/blog\/wp-json\/wp\/v2\/categories?post=28"},{"taxonomy":"post_tag","embeddable":true,"href":"https:\/\/adjo.pl\/blog\/wp-json\/wp\/v2\/tags?post=28"}],"curies":[{"name":"wp","href":"https:\/\/api.w.org\/{rel}","templated":true}]}}