{"id":292,"date":"2025-11-06T12:05:27","date_gmt":"2025-11-06T11:05:27","guid":{"rendered":"https:\/\/adjo.pl\/blog\/?p=292"},"modified":"2025-11-06T12:21:24","modified_gmt":"2025-11-06T11:21:24","slug":"odmiana-czasownikow-niemieckich-w-praktyce","status":"publish","type":"post","link":"https:\/\/adjo.pl\/blog\/odmiana-czasownikow-niemieckich-w-praktyce\/","title":{"rendered":"Odmiana czasownik\u00f3w niemieckich \u2013 poradnik dla opiekunek"},"content":{"rendered":"\n<p>Praca w Niemczech jako opiekunka os\u00f3b starszych wymaga empatii, do\u015bwiadczenia i podstawowej znajomo\u015bci j\u0119zyka niemieckiego.<br>Jednym z kluczowych temat\u00f3w, kt\u00f3re warto opanowa\u0107 przed wyjazdem, jest <strong>odmiana czasownik\u00f3w niemieckich<\/strong>.<br>To w\u0142a\u015bnie ona pozwala swobodnie m\u00f3wi\u0107 o codziennych czynno\u015bciach \u2013 gotowaniu, spacerach czy podawaniu lek\u00f3w.<br><strong>Dlatego w\u0142a\u015bnie<\/strong> przygotowali\u015bmy prosty poradnik, kt\u00f3ry krok po kroku pomo\u017ce Ci zrozumie\u0107 i utrwali\u0107 t\u0119 zasad\u0119 gramatyczn\u0105.<\/p>\n\n\n\n<hr class=\"wp-block-separator has-alpha-channel-opacity\"\/>\n\n\n\n<h2 class=\"wp-block-heading\"><strong>1. Czym jest odmiana czasownik\u00f3w niemieckich<\/strong><\/h2>\n\n\n\n<p>Czasownik, czyli po niemiecku <em>das Verb<\/em>, to s\u0142owo opisuj\u0105ce czynno\u015b\u0107, na przyk\u0142ad <em>arbeiten<\/em> (pracowa\u0107) czy <em>kochen<\/em> (gotowa\u0107).<br>W j\u0119zyku niemieckim czasowniki odmieniaj\u0105 si\u0119 przez osoby \u2013 oznacza to, \u017ce ich ko\u0144c\u00f3wki zmieniaj\u0105 si\u0119 w zale\u017cno\u015bci od tego, kto wykonuje dan\u0105 czynno\u015b\u0107.<br><strong>Dzi\u0119ki temu<\/strong> rozm\u00f3wca od razu wie, o kim m\u00f3wisz, nawet je\u015bli nie u\u017cyjesz zaimka.<\/p>\n\n\n\n<figure class=\"wp-block-table\"><table class=\"has-fixed-layout\"><thead><tr><th>Osoba<\/th><th>Niemiecki<\/th><th>Znaczenie<\/th><\/tr><\/thead><tbody><tr><td>ich arbeite<\/td><td>ja pracuj\u0119<\/td><td><\/td><\/tr><tr><td>du arbeitest<\/td><td>ty pracujesz<\/td><td><\/td><\/tr><tr><td>er\/sie arbeitet<\/td><td>on\/ona pracuje<\/td><td><\/td><\/tr><\/tbody><\/table><\/figure>\n\n\n\n<p>Jak wida\u0107, rdze\u0144 s\u0142owa (<em>arbeit-<\/em>) pozostaje taki sam, <strong>natomiast<\/strong> ko\u0144c\u00f3wki wskazuj\u0105 na osob\u0119.<br><strong>W rezultacie<\/strong> ju\u017c po kilku \u0107wiczeniach nauczysz si\u0119 rozpoznawa\u0107 wzory odmiany.<\/p>\n\n\n\n<hr class=\"wp-block-separator has-alpha-channel-opacity\"\/>\n\n\n\n<h2 class=\"wp-block-heading\"><strong>2. Odmiana czasownik\u00f3w w pracy opiekunki \u2013 przyk\u0142ady z \u017cycia<\/strong><\/h2>\n\n\n\n<p>W pracy z seniorem cz\u0119sto powtarzasz te same czynno\u015bci ka\u017cdego dnia, <strong>dlatego te\u017c<\/strong> znajomo\u015b\u0107 podstawowych czasownik\u00f3w bardzo u\u0142atwia komunikacj\u0119.<br>Oto kilka przyk\u0142ad\u00f3w najcz\u0119\u015bciej u\u017cywanych s\u0142\u00f3w i zda\u0144:<\/p>\n\n\n\n<figure class=\"wp-block-table\"><table class=\"has-fixed-layout\"><thead><tr><th>Czasownik<\/th><th>Znaczenie<\/th><th>Przyk\u0142ad<\/th><\/tr><\/thead><tbody><tr><td><em>aufstehen<\/em><\/td><td>wstawa\u0107<\/td><td>Ich stehe um 6 Uhr auf. \u2013 Wstaj\u0119 o sz\u00f3stej.<\/td><\/tr><tr><td><em>helfen<\/em><\/td><td>pomaga\u0107<\/td><td>Ich helfe der Seniorin beim Essen. \u2013 Pomagam przy jedzeniu.<\/td><\/tr><tr><td><em>kochen<\/em><\/td><td>gotowa\u0107<\/td><td>Ich koche das Mittagessen. \u2013 Gotuj\u0119 obiad.<\/td><\/tr><tr><td><em>putzen<\/em><\/td><td>sprz\u0105ta\u0107<\/td><td>Ich putze das Badezimmer. \u2013 Sprz\u0105tam \u0142azienk\u0119.<\/td><\/tr><tr><td><em>spazieren gehen<\/em><\/td><td>spacerowa\u0107<\/td><td>Ich gehe mit dem Senior spazieren. \u2013 Id\u0119 na spacer.<\/td><\/tr><\/tbody><\/table><\/figure>\n\n\n\n<p><strong>Ponadto<\/strong>, codzienne powtarzanie 5\u201310 nowych s\u0142\u00f3w pomaga utrwali\u0107 ich znaczenie.<br><strong>Co wi\u0119cej<\/strong>, gdy zaczniesz u\u017cywa\u0107 ich w praktyce, nauka stanie si\u0119 znacznie \u0142atwiejsza.<br><strong>W ten spos\u00f3b<\/strong> szybko zauwa\u017cysz post\u0119py i zaczniesz m\u00f3wi\u0107 z wi\u0119ksz\u0105 pewno\u015bci\u0105 siebie.<\/p>\n\n\n\n<hr class=\"wp-block-separator has-alpha-channel-opacity\"\/>\n\n\n\n<h2 class=\"wp-block-heading\"><strong>3. Czasowniki nieregularne i modalne<\/strong><\/h2>\n\n\n\n<p>Nie wszystkie czasowniki zachowuj\u0105 si\u0119 tak samo.<br><strong>Z kolei<\/strong> te nieregularne zmieniaj\u0105 form\u0119 w \u015brodku wyrazu, co mo\u017ce wydawa\u0107 si\u0119 trudniejsze, <strong>jednak<\/strong> po kilku dniach nauki staje si\u0119 ca\u0142kiem naturalne.<br>Zobacz przyk\u0142ady:<\/p>\n\n\n\n<ul class=\"wp-block-list\">\n<li><em>sehen \u2192 er sieht<\/em> (widzie\u0107)<\/li>\n\n\n\n<li><em>essen \u2192 er isst<\/em> (je\u015b\u0107)<\/li>\n\n\n\n<li><em>fahren \u2192 er f\u00e4hrt<\/em> (jecha\u0107)<\/li>\n<\/ul>\n\n\n\n<p><strong>Natomiast<\/strong> czasowniki modalne, takie jak <em>m\u00fcssen<\/em> (musie\u0107) czy <em>k\u00f6nnen<\/em> (m\u00f3c), pomagaj\u0105 wyra\u017ca\u0107 obowi\u0105zek lub mo\u017cliwo\u015b\u0107.<br><strong>Dzi\u0119ki nim<\/strong> mo\u017cesz m\u00f3wi\u0107 o swoich zadaniach w spos\u00f3b dok\u0142adniejszy.<\/p>\n\n\n\n<p>\u27a1\ufe0f Ich muss Medikamente geben. \u2013 Musz\u0119 poda\u0107 lekarstwa.<br>\u27a1\ufe0f Ich kann kochen. \u2013 Potrafi\u0119 gotowa\u0107.<\/p>\n\n\n\n<p><strong>Warto pami\u0119ta\u0107<\/strong>, \u017ce czasowniki modalne zawsze stoj\u0105 na drugim miejscu w zdaniu, a g\u0142\u00f3wny czasownik w bezokoliczniku trafia na koniec.<\/p>\n\n\n\n<hr class=\"wp-block-separator has-alpha-channel-opacity\"\/>\n\n\n\n<h2 class=\"wp-block-heading\"><strong>4. \u201eHaben\u201d i \u201esein\u201d \u2013 jak m\u00f3wi\u0107 o przesz\u0142o\u015bci<\/strong><\/h2>\n\n\n\n<p>Aby opisa\u0107, co zrobi\u0142a\u015b wczoraj, u\u017cyjesz czasu przesz\u0142ego <strong>Perfekt<\/strong>.<br>Do jego tworzenia potrzebne s\u0105 dwa czasowniki pomocnicze: <strong>haben<\/strong> (mie\u0107) i <strong>sein<\/strong> (by\u0107).<br><strong>Na przyk\u0142ad:<\/strong><\/p>\n\n\n\n<ul class=\"wp-block-list\">\n<li>Ich <strong>habe gekocht.<\/strong> \u2013 Ugotowa\u0142am.<\/li>\n\n\n\n<li>Ich <strong>bin spazieren gegangen.<\/strong> \u2013 Posz\u0142am na spacer.<\/li>\n<\/ul>\n\n\n\n<p><strong>Zasadniczo<\/strong>, \u201esein\u201d u\u017cywa si\u0119 przy czasownikach opisuj\u0105cych ruch lub zmian\u0119 miejsca (<em>gehen, fahren, kommen<\/em>), <strong>natomiast<\/strong> \u201ehaben\u201d przy pozosta\u0142ych czynno\u015bciach (<em>kochen, arbeiten, helfen<\/em>).<br><strong>W rezultacie<\/strong> mo\u017cesz \u0142atwo opowiada\u0107 o swoim dniu, np.:<\/p>\n\n\n\n<blockquote class=\"wp-block-quote is-layout-flow wp-block-quote-is-layout-flow\">\n<p>Heute <strong>habe ich gekocht<\/strong> und <strong>bin spazieren gegangen.<\/strong><br>(Dzi\u015b gotowa\u0142am i posz\u0142am na spacer.)<\/p>\n<\/blockquote>\n\n\n\n<hr class=\"wp-block-separator has-alpha-channel-opacity\"\/>\n\n\n\n<h2 class=\"wp-block-heading\"><strong>5. Jak \u0107wiczy\u0107 odmian\u0119 czasownik\u00f3w niemieckich<\/strong><\/h2>\n\n\n\n<p>Nauka odmiany czasownik\u00f3w niemieckich nie musi by\u0107 trudna.<br><strong>Przede wszystkim<\/strong> warto po\u0142\u0105czy\u0107 teori\u0119 z codzienn\u0105 praktyk\u0105.<br>Oto kilka prostych sposob\u00f3w, kt\u00f3re naprawd\u0119 dzia\u0142aj\u0105:<\/p>\n\n\n\n<ol class=\"wp-block-list\">\n<li><strong>Zapisuj nowe czasowniki<\/strong>, kt\u00f3rych u\u017cywasz w pracy.<\/li>\n\n\n\n<li><strong>Tw\u00f3rz kr\u00f3tkie zdania<\/strong> i powtarzaj je na g\u0142os.<\/li>\n\n\n\n<li><strong>Korzystaj z aplikacji<\/strong> \u2013 Duolingo, Quizlet lub Babbel.<\/li>\n\n\n\n<li><strong>Czytaj dialogi<\/strong> z \u017cycia codziennego i powtarzaj je.<\/li>\n\n\n\n<li><strong>Rozmawiaj z seniorem po niemiecku<\/strong> nawet w prostych zdaniach.<\/li>\n<\/ol>\n\n\n\n<p><strong>W dodatku<\/strong>, je\u015bli po\u015bwi\u0119cisz na nauk\u0119 zaledwie 10 minut dziennie, po tygodniu zauwa\u017cysz pierwsze efekty.<br><strong>Dzi\u0119ki regularno\u015bci<\/strong> nabierzesz pewno\u015bci siebie i \u0142atwiej zapami\u0119tasz nowe formy czasownik\u00f3w.<\/p>\n\n\n\n<hr class=\"wp-block-separator has-alpha-channel-opacity\"\/>\n\n\n\n<h2 class=\"wp-block-heading\"><strong>6. Podsumowanie<\/strong><\/h2>\n\n\n\n<p>Odmiana czasownik\u00f3w niemieckich to jedna z podstaw skutecznej komunikacji w pracy opiekunki.<br><strong>Dlatego te\u017c<\/strong> warto \u0107wiczy\u0107 j\u0105 codziennie, cho\u0107by przez kilka minut.<br><strong>W ten spos\u00f3b<\/strong> poprawisz swoje umiej\u0119tno\u015bci j\u0119zykowe, a rozmowy z seniorem stan\u0105 si\u0119 prostsze i bardziej naturalne.<br><strong>Ostatecznie<\/strong>, znajomo\u015b\u0107 podstaw gramatyki daje nie tylko pewno\u015b\u0107 siebie, ale i lepsze szanse na prac\u0119 w Niemczech.<\/p>\n\n\n\n<hr class=\"wp-block-separator has-alpha-channel-opacity\"\/>\n\n\n\n<p>Chcesz uczy\u0107 si\u0119 niemieckiego skutecznie i praktycznie?<br>Zobacz nasze <strong><a href=\"https:\/\/adjo.pl\/oferty\">oferty pracy w Niemczech dla opiekunek<\/a><\/strong> i po\u0142\u0105cz nauk\u0119 z do\u015bwiadczeniem zawodowym!<\/p>\n\n\n\n<p><\/p>\n","protected":false},"excerpt":{"rendered":"<p>Praca w Niemczech jako opiekunka os\u00f3b starszych wymaga empatii, do\u015bwiadczenia i podstawowej znajomo\u015bci j\u0119zyka niemieckiego.Jednym z kluczowych temat\u00f3w, kt\u00f3re warto opanowa\u0107 przed wyjazdem, jest odmiana czasownik\u00f3w niemieckich.To w\u0142a\u015bnie ona pozwala swobodnie m\u00f3wi\u0107 o codziennych czynno\u015bciach \u2013 gotowaniu, spacerach czy podawaniu lek\u00f3w.Dlatego w\u0142a\u015bnie przygotowali\u015bmy prosty poradnik, kt\u00f3ry krok po kroku pomo\u017ce Ci zrozumie\u0107 i utrwali\u0107 t\u0119 [&hellip;]<\/p>\n","protected":false},"author":1,"featured_media":0,"comment_status":"open","ping_status":"open","sticky":false,"template":"","format":"standard","meta":{"footnotes":""},"categories":[1],"tags":[],"class_list":["post-292","post","type-post","status-publish","format-standard","hentry","category-bez-kategorii"],"yoast_head":"<!-- This site is optimized with the Yoast SEO plugin v26.6 - https:\/\/yoast.com\/wordpress\/plugins\/seo\/ -->\n<title>Odmiana czasownik\u00f3w niemieckich \u2013 poradnik dla opiekunek - Profesjonalna firma rekrutacyjna w opiece nad seniorami w Niemczech<\/title>\n<meta name=\"description\" content=\"Odmiana czasownik\u00f3w niemieckich w praktyce. Poznaj proste przyk\u0142ady i tabele dla opiekunek senior\u00f3w pracuj\u0105cych w Niemczech.\" \/>\n<meta name=\"robots\" content=\"index, follow, max-snippet:-1, max-image-preview:large, max-video-preview:-1\" \/>\n<link rel=\"canonical\" href=\"https:\/\/adjo.pl\/blog\/odmiana-czasownikow-niemieckich-w-praktyce\/\" \/>\n<meta property=\"og:locale\" content=\"pl_PL\" \/>\n<meta property=\"og:type\" content=\"article\" \/>\n<meta property=\"og:title\" content=\"Odmiana czasownik\u00f3w niemieckich \u2013 poradnik dla opiekunek - Profesjonalna firma rekrutacyjna w opiece nad seniorami w Niemczech\" \/>\n<meta property=\"og:description\" content=\"Odmiana czasownik\u00f3w niemieckich w praktyce. Poznaj proste przyk\u0142ady i tabele dla opiekunek senior\u00f3w pracuj\u0105cych w Niemczech.\" \/>\n<meta property=\"og:url\" content=\"https:\/\/adjo.pl\/blog\/odmiana-czasownikow-niemieckich-w-praktyce\/\" \/>\n<meta property=\"og:site_name\" content=\"Profesjonalna firma rekrutacyjna w opiece nad seniorami w Niemczech\" \/>\n<meta property=\"article:publisher\" content=\"https:\/\/www.facebook.com\/adjo.opieka\" \/>\n<meta property=\"article:published_time\" content=\"2025-11-06T11:05:27+00:00\" \/>\n<meta property=\"article:modified_time\" content=\"2025-11-06T11:21:24+00:00\" \/>\n<meta name=\"author\" content=\"admin\" \/>\n<meta name=\"twitter:card\" content=\"summary_large_image\" \/>\n<meta name=\"twitter:label1\" content=\"Napisane przez\" \/>\n\t<meta name=\"twitter:data1\" content=\"admin\" \/>\n\t<meta name=\"twitter:label2\" content=\"Szacowany czas czytania\" \/>\n\t<meta name=\"twitter:data2\" content=\"4 minuty\" \/>\n<script type=\"application\/ld+json\" class=\"yoast-schema-graph\">{\"@context\":\"https:\/\/schema.org\",\"@graph\":[{\"@type\":\"Article\",\"@id\":\"https:\/\/adjo.pl\/blog\/odmiana-czasownikow-niemieckich-w-praktyce\/#article\",\"isPartOf\":{\"@id\":\"https:\/\/adjo.pl\/blog\/odmiana-czasownikow-niemieckich-w-praktyce\/\"},\"author\":{\"name\":\"admin\",\"@id\":\"https:\/\/adjo.pl\/blog\/#\/schema\/person\/589748a8343045d378ace98bbecb1855\"},\"headline\":\"Odmiana czasownik\u00f3w niemieckich \u2013 poradnik dla opiekunek\",\"datePublished\":\"2025-11-06T11:05:27+00:00\",\"dateModified\":\"2025-11-06T11:21:24+00:00\",\"mainEntityOfPage\":{\"@id\":\"https:\/\/adjo.pl\/blog\/odmiana-czasownikow-niemieckich-w-praktyce\/\"},\"wordCount\":770,\"commentCount\":0,\"publisher\":{\"@id\":\"https:\/\/adjo.pl\/blog\/#organization\"},\"inLanguage\":\"pl-PL\",\"potentialAction\":[{\"@type\":\"CommentAction\",\"name\":\"Comment\",\"target\":[\"https:\/\/adjo.pl\/blog\/odmiana-czasownikow-niemieckich-w-praktyce\/#respond\"]}]},{\"@type\":\"WebPage\",\"@id\":\"https:\/\/adjo.pl\/blog\/odmiana-czasownikow-niemieckich-w-praktyce\/\",\"url\":\"https:\/\/adjo.pl\/blog\/odmiana-czasownikow-niemieckich-w-praktyce\/\",\"name\":\"Odmiana czasownik\u00f3w niemieckich \u2013 poradnik dla opiekunek - Profesjonalna firma rekrutacyjna w opiece nad seniorami w Niemczech\",\"isPartOf\":{\"@id\":\"https:\/\/adjo.pl\/blog\/#website\"},\"datePublished\":\"2025-11-06T11:05:27+00:00\",\"dateModified\":\"2025-11-06T11:21:24+00:00\",\"description\":\"Odmiana czasownik\u00f3w niemieckich w praktyce. Poznaj proste przyk\u0142ady i tabele dla opiekunek senior\u00f3w pracuj\u0105cych w Niemczech.\",\"breadcrumb\":{\"@id\":\"https:\/\/adjo.pl\/blog\/odmiana-czasownikow-niemieckich-w-praktyce\/#breadcrumb\"},\"inLanguage\":\"pl-PL\",\"potentialAction\":[{\"@type\":\"ReadAction\",\"target\":[\"https:\/\/adjo.pl\/blog\/odmiana-czasownikow-niemieckich-w-praktyce\/\"]}]},{\"@type\":\"BreadcrumbList\",\"@id\":\"https:\/\/adjo.pl\/blog\/odmiana-czasownikow-niemieckich-w-praktyce\/#breadcrumb\",\"itemListElement\":[{\"@type\":\"ListItem\",\"position\":1,\"name\":\"Strona g\u0142\u00f3wna\",\"item\":\"https:\/\/adjo.pl\/blog\/\"},{\"@type\":\"ListItem\",\"position\":2,\"name\":\"Odmiana czasownik\u00f3w niemieckich \u2013 poradnik dla opiekunek\"}]},{\"@type\":\"WebSite\",\"@id\":\"https:\/\/adjo.pl\/blog\/#website\",\"url\":\"https:\/\/adjo.pl\/blog\/\",\"name\":\"Agencja pracy dla opiekunek w Niemczech\",\"description\":\"\",\"publisher\":{\"@id\":\"https:\/\/adjo.pl\/blog\/#organization\"},\"potentialAction\":[{\"@type\":\"SearchAction\",\"target\":{\"@type\":\"EntryPoint\",\"urlTemplate\":\"https:\/\/adjo.pl\/blog\/?s={search_term_string}\"},\"query-input\":{\"@type\":\"PropertyValueSpecification\",\"valueRequired\":true,\"valueName\":\"search_term_string\"}}],\"inLanguage\":\"pl-PL\"},{\"@type\":\"Organization\",\"@id\":\"https:\/\/adjo.pl\/blog\/#organization\",\"name\":\"Agencja pracy dla opiekunek w Niemczech\",\"url\":\"https:\/\/adjo.pl\/blog\/\",\"logo\":{\"@type\":\"ImageObject\",\"inLanguage\":\"pl-PL\",\"@id\":\"https:\/\/adjo.pl\/blog\/#\/schema\/logo\/image\/\",\"url\":\"https:\/\/adjo.pl\/blog\/wp-content\/uploads\/2024\/03\/logo-1.png\",\"contentUrl\":\"https:\/\/adjo.pl\/blog\/wp-content\/uploads\/2024\/03\/logo-1.png\",\"width\":148,\"height\":45,\"caption\":\"Agencja pracy dla opiekunek w Niemczech\"},\"image\":{\"@id\":\"https:\/\/adjo.pl\/blog\/#\/schema\/logo\/image\/\"},\"sameAs\":[\"https:\/\/www.facebook.com\/adjo.opieka\"]},{\"@type\":\"Person\",\"@id\":\"https:\/\/adjo.pl\/blog\/#\/schema\/person\/589748a8343045d378ace98bbecb1855\",\"name\":\"admin\",\"image\":{\"@type\":\"ImageObject\",\"inLanguage\":\"pl-PL\",\"@id\":\"https:\/\/adjo.pl\/blog\/#\/schema\/person\/image\/\",\"url\":\"https:\/\/secure.gravatar.com\/avatar\/89b4d1c2f683c2bc7c3063fbb189af202597264b1d128e7152b3f2a8cc07f23f?s=96&d=mm&r=g\",\"contentUrl\":\"https:\/\/secure.gravatar.com\/avatar\/89b4d1c2f683c2bc7c3063fbb189af202597264b1d128e7152b3f2a8cc07f23f?s=96&d=mm&r=g\",\"caption\":\"admin\"},\"sameAs\":[\"https:\/\/adjo.pl\/public\/blog\"],\"url\":\"https:\/\/adjo.pl\/blog\/author\/admin\/\"}]}<\/script>\n<!-- \/ Yoast SEO plugin. -->","yoast_head_json":{"title":"Odmiana czasownik\u00f3w niemieckich \u2013 poradnik dla opiekunek - Profesjonalna firma rekrutacyjna w opiece nad seniorami w Niemczech","description":"Odmiana czasownik\u00f3w niemieckich w praktyce. Poznaj proste przyk\u0142ady i tabele dla opiekunek senior\u00f3w pracuj\u0105cych w Niemczech.","robots":{"index":"index","follow":"follow","max-snippet":"max-snippet:-1","max-image-preview":"max-image-preview:large","max-video-preview":"max-video-preview:-1"},"canonical":"https:\/\/adjo.pl\/blog\/odmiana-czasownikow-niemieckich-w-praktyce\/","og_locale":"pl_PL","og_type":"article","og_title":"Odmiana czasownik\u00f3w niemieckich \u2013 poradnik dla opiekunek - Profesjonalna firma rekrutacyjna w opiece nad seniorami w Niemczech","og_description":"Odmiana czasownik\u00f3w niemieckich w praktyce. Poznaj proste przyk\u0142ady i tabele dla opiekunek senior\u00f3w pracuj\u0105cych w Niemczech.","og_url":"https:\/\/adjo.pl\/blog\/odmiana-czasownikow-niemieckich-w-praktyce\/","og_site_name":"Profesjonalna firma rekrutacyjna w opiece nad seniorami w Niemczech","article_publisher":"https:\/\/www.facebook.com\/adjo.opieka","article_published_time":"2025-11-06T11:05:27+00:00","article_modified_time":"2025-11-06T11:21:24+00:00","author":"admin","twitter_card":"summary_large_image","twitter_misc":{"Napisane przez":"admin","Szacowany czas czytania":"4 minuty"},"schema":{"@context":"https:\/\/schema.org","@graph":[{"@type":"Article","@id":"https:\/\/adjo.pl\/blog\/odmiana-czasownikow-niemieckich-w-praktyce\/#article","isPartOf":{"@id":"https:\/\/adjo.pl\/blog\/odmiana-czasownikow-niemieckich-w-praktyce\/"},"author":{"name":"admin","@id":"https:\/\/adjo.pl\/blog\/#\/schema\/person\/589748a8343045d378ace98bbecb1855"},"headline":"Odmiana czasownik\u00f3w niemieckich \u2013 poradnik dla opiekunek","datePublished":"2025-11-06T11:05:27+00:00","dateModified":"2025-11-06T11:21:24+00:00","mainEntityOfPage":{"@id":"https:\/\/adjo.pl\/blog\/odmiana-czasownikow-niemieckich-w-praktyce\/"},"wordCount":770,"commentCount":0,"publisher":{"@id":"https:\/\/adjo.pl\/blog\/#organization"},"inLanguage":"pl-PL","potentialAction":[{"@type":"CommentAction","name":"Comment","target":["https:\/\/adjo.pl\/blog\/odmiana-czasownikow-niemieckich-w-praktyce\/#respond"]}]},{"@type":"WebPage","@id":"https:\/\/adjo.pl\/blog\/odmiana-czasownikow-niemieckich-w-praktyce\/","url":"https:\/\/adjo.pl\/blog\/odmiana-czasownikow-niemieckich-w-praktyce\/","name":"Odmiana czasownik\u00f3w niemieckich \u2013 poradnik dla opiekunek - Profesjonalna firma rekrutacyjna w opiece nad seniorami w Niemczech","isPartOf":{"@id":"https:\/\/adjo.pl\/blog\/#website"},"datePublished":"2025-11-06T11:05:27+00:00","dateModified":"2025-11-06T11:21:24+00:00","description":"Odmiana czasownik\u00f3w niemieckich w praktyce. Poznaj proste przyk\u0142ady i tabele dla opiekunek senior\u00f3w pracuj\u0105cych w Niemczech.","breadcrumb":{"@id":"https:\/\/adjo.pl\/blog\/odmiana-czasownikow-niemieckich-w-praktyce\/#breadcrumb"},"inLanguage":"pl-PL","potentialAction":[{"@type":"ReadAction","target":["https:\/\/adjo.pl\/blog\/odmiana-czasownikow-niemieckich-w-praktyce\/"]}]},{"@type":"BreadcrumbList","@id":"https:\/\/adjo.pl\/blog\/odmiana-czasownikow-niemieckich-w-praktyce\/#breadcrumb","itemListElement":[{"@type":"ListItem","position":1,"name":"Strona g\u0142\u00f3wna","item":"https:\/\/adjo.pl\/blog\/"},{"@type":"ListItem","position":2,"name":"Odmiana czasownik\u00f3w niemieckich \u2013 poradnik dla opiekunek"}]},{"@type":"WebSite","@id":"https:\/\/adjo.pl\/blog\/#website","url":"https:\/\/adjo.pl\/blog\/","name":"Agencja pracy dla opiekunek w Niemczech","description":"","publisher":{"@id":"https:\/\/adjo.pl\/blog\/#organization"},"potentialAction":[{"@type":"SearchAction","target":{"@type":"EntryPoint","urlTemplate":"https:\/\/adjo.pl\/blog\/?s={search_term_string}"},"query-input":{"@type":"PropertyValueSpecification","valueRequired":true,"valueName":"search_term_string"}}],"inLanguage":"pl-PL"},{"@type":"Organization","@id":"https:\/\/adjo.pl\/blog\/#organization","name":"Agencja pracy dla opiekunek w Niemczech","url":"https:\/\/adjo.pl\/blog\/","logo":{"@type":"ImageObject","inLanguage":"pl-PL","@id":"https:\/\/adjo.pl\/blog\/#\/schema\/logo\/image\/","url":"https:\/\/adjo.pl\/blog\/wp-content\/uploads\/2024\/03\/logo-1.png","contentUrl":"https:\/\/adjo.pl\/blog\/wp-content\/uploads\/2024\/03\/logo-1.png","width":148,"height":45,"caption":"Agencja pracy dla opiekunek w Niemczech"},"image":{"@id":"https:\/\/adjo.pl\/blog\/#\/schema\/logo\/image\/"},"sameAs":["https:\/\/www.facebook.com\/adjo.opieka"]},{"@type":"Person","@id":"https:\/\/adjo.pl\/blog\/#\/schema\/person\/589748a8343045d378ace98bbecb1855","name":"admin","image":{"@type":"ImageObject","inLanguage":"pl-PL","@id":"https:\/\/adjo.pl\/blog\/#\/schema\/person\/image\/","url":"https:\/\/secure.gravatar.com\/avatar\/89b4d1c2f683c2bc7c3063fbb189af202597264b1d128e7152b3f2a8cc07f23f?s=96&d=mm&r=g","contentUrl":"https:\/\/secure.gravatar.com\/avatar\/89b4d1c2f683c2bc7c3063fbb189af202597264b1d128e7152b3f2a8cc07f23f?s=96&d=mm&r=g","caption":"admin"},"sameAs":["https:\/\/adjo.pl\/public\/blog"],"url":"https:\/\/adjo.pl\/blog\/author\/admin\/"}]}},"_links":{"self":[{"href":"https:\/\/adjo.pl\/blog\/wp-json\/wp\/v2\/posts\/292","targetHints":{"allow":["GET"]}}],"collection":[{"href":"https:\/\/adjo.pl\/blog\/wp-json\/wp\/v2\/posts"}],"about":[{"href":"https:\/\/adjo.pl\/blog\/wp-json\/wp\/v2\/types\/post"}],"author":[{"embeddable":true,"href":"https:\/\/adjo.pl\/blog\/wp-json\/wp\/v2\/users\/1"}],"replies":[{"embeddable":true,"href":"https:\/\/adjo.pl\/blog\/wp-json\/wp\/v2\/comments?post=292"}],"version-history":[{"count":3,"href":"https:\/\/adjo.pl\/blog\/wp-json\/wp\/v2\/posts\/292\/revisions"}],"predecessor-version":[{"id":297,"href":"https:\/\/adjo.pl\/blog\/wp-json\/wp\/v2\/posts\/292\/revisions\/297"}],"wp:attachment":[{"href":"https:\/\/adjo.pl\/blog\/wp-json\/wp\/v2\/media?parent=292"}],"wp:term":[{"taxonomy":"category","embeddable":true,"href":"https:\/\/adjo.pl\/blog\/wp-json\/wp\/v2\/categories?post=292"},{"taxonomy":"post_tag","embeddable":true,"href":"https:\/\/adjo.pl\/blog\/wp-json\/wp\/v2\/tags?post=292"}],"curies":[{"name":"wp","href":"https:\/\/api.w.org\/{rel}","templated":true}]}}